{"id":326650,"date":"2025-07-29T10:46:13","date_gmt":"2025-07-29T07:46:13","guid":{"rendered":"https:\/\/sana.sy\/tr\/?p=326650"},"modified":"2025-07-29T15:11:36","modified_gmt":"2025-07-29T12:11:36","slug":"lubnanli-yetkililer-lubnan-ve-suriyeye-yonelik-saldirilara-karsi-birlik-cagrisinda-bulundu","status":"publish","type":"post","link":"https:\/\/archive.sana.sy\/tr\/?p=326650","title":{"rendered":"L\u00fcbnanl\u0131 Yetkililer, L\u00fcbnan ve Suriye&#8217;ye Y\u00f6nelik Sald\u0131r\u0131lara Kar\u015f\u0131 Birlik \u00c7a\u011fr\u0131s\u0131nda Bulundu"},"content":{"rendered":"<p style=\"text-align: justify;\"><span style=\"color: #ff0000;\"><strong>BEYRUT (SANA)<\/strong> <\/span>&#8211; L\u00fcbnanl\u0131 yetkililer, L\u00fcbnan ve Suriye&#8217;yi hedef alan her t\u00fcrl\u00fc sald\u0131r\u0131ya kar\u015f\u0131 ulusal birlik ve beraberli\u011fe ba\u011fl\u0131 kal\u0131nmas\u0131 ve \u00e7at\u0131\u015fmay\u0131 k\u0131\u015fk\u0131rtma giri\u015fimlerinin reddedilmesi gerekti\u011fini vurgulad\u0131.<\/p>\n<p style=\"text-align: justify;\">Bu a\u00e7\u0131klama, eski \u0130leri Sosyalist Parti lideri Velid Canbolat, L\u00fcbnan Cumhuriyeti Ba\u015fm\u00fcft\u00fcs\u00fc \u015eeyh Abd\u00fcllatif Deryan, L\u00fcbnan b\u00f6lgeleri m\u00fcft\u00fcs\u00fc, L\u00fcbnan Demokratik Partisi yetkilileri ve Demokratik Bulu\u015fma blo\u011fu \u00fcyelerinin yay\u0131nlad\u0131\u011f\u0131 ortak bir bildiriyle geldi.<\/p>\n<p style=\"text-align: justify;\">L\u00fcbnan Ulusal Haber Ajans\u0131, a\u00e7\u0131klamada, &#8220;L\u00fcbnan&#8217;a ve karde\u015f \u00fclkemiz Suriye&#8217;ye zarar vermek isteyen herkese kar\u015f\u0131 ulusal ve \u0130slami birlik i\u00e7inde olmal\u0131 ve her t\u00fcrl\u00fc fitne k\u0131\u015fk\u0131rtma giri\u015fimini reddetmeliyiz&#8221; ifadesine yer vererek, &#8220;Suriyeli karde\u015flerimiz aras\u0131nda S\u00fcveyde&#8217;de ya\u015fanan kanl\u0131 olaylar\u0131&#8221; k\u0131nad\u0131klar\u0131n\u0131 bildirdi.<\/p>\n<p style=\"text-align: justify;\">A\u00e7\u0131klamada ayr\u0131ca, &#8220;L\u00fcbnan halk\u0131, devleti ve kurumlar\u0131 i\u00e7in kayg\u0131 duyarak Suriye halk\u0131n\u0131n birli\u011fi, ihtilaflar\u0131n \u00f6nlenmesi ve Suriye&#8217;nin birli\u011finin korunmas\u0131 \u00e7a\u011fr\u0131s\u0131nda bulunan t\u00fcm L\u00fcbnanl\u0131 partilerin vatansever ve bilgece duru\u015flar\u0131na&#8221; dikkat \u00e7ekildi.<\/p>\n<p style=\"text-align: justify;\">A\u00e7\u0131klamada da, t\u00fcm L\u00fcbnan g\u00fc\u00e7lerine, hem L\u00fcbnan&#8217;\u0131 hem de Suriye&#8217;yi hedef alan Siyonist sald\u0131rganl\u0131\u011fa kar\u015f\u0131 birlikte \u00e7al\u0131\u015fma ve birlik olma \u00e7a\u011fr\u0131s\u0131 yap\u0131ld\u0131.<\/p>\n","protected":false},"excerpt":{"rendered":"<p>BEYRUT (SANA) &#8211; L\u00fcbnanl\u0131 yetkililer, L\u00fcbnan ve Suriye&#8217;yi hedef alan her t\u00fcrl\u00fc sald\u0131r\u0131ya kar\u015f\u0131 ulusal birlik ve beraberli\u011fe ba\u011fl\u0131 kal\u0131nmas\u0131 ve \u00e7at\u0131\u015fmay\u0131 k\u0131\u015fk\u0131rtma giri\u015fimlerinin reddedilmesi gerekti\u011fini vurgulad\u0131. Bu a\u00e7\u0131klama, eski \u0130leri Sosyalist Parti lideri Velid Canbolat, L\u00fcbnan Cumhuriyeti Ba\u015fm\u00fcft\u00fcs\u00fc \u015eeyh Abd\u00fcllatif Deryan, L\u00fcbnan b\u00f6lgeleri m\u00fcft\u00fcs\u00fc, L\u00fcbnan Demokratik Partisi yetkilileri ve Demokratik Bulu\u015fma blo\u011fu \u00fcyelerinin yay\u0131nlad\u0131\u011f\u0131 &hellip;<\/p>\n","protected":false},"author":36,"featured_media":326651,"comment_status":"closed","ping_status":"closed","sticky":false,"template":"","format":"standard","meta":{"footnotes":""},"categories":[458,589,459,17988],"tags":[],"class_list":["post-326650","post","type-post","status-publish","format-standard","has-post-thumbnail","","category-dunya1","category-haber-seridi","category-haberler-arap-uluslararasi-politika","category-son-haberler"],"_links":{"self":[{"href":"https:\/\/archive.sana.sy\/tr\/index.php?rest_route=\/wp\/v2\/posts\/326650","targetHints":{"allow":["GET"]}}],"collection":[{"href":"https:\/\/archive.sana.sy\/tr\/index.php?rest_route=\/wp\/v2\/posts"}],"about":[{"href":"https:\/\/archive.sana.sy\/tr\/index.php?rest_route=\/wp\/v2\/types\/post"}],"author":[{"embeddable":true,"href":"https:\/\/archive.sana.sy\/tr\/index.php?rest_route=\/wp\/v2\/users\/36"}],"replies":[{"embeddable":true,"href":"https:\/\/archive.sana.sy\/tr\/index.php?rest_route=%2Fwp%2Fv2%2Fcomments&post=326650"}],"version-history":[{"count":3,"href":"https:\/\/archive.sana.sy\/tr\/index.php?rest_route=\/wp\/v2\/posts\/326650\/revisions"}],"predecessor-version":[{"id":326663,"href":"https:\/\/archive.sana.sy\/tr\/index.php?rest_route=\/wp\/v2\/posts\/326650\/revisions\/326663"}],"wp:featuredmedia":[{"embeddable":true,"href":"https:\/\/archive.sana.sy\/tr\/index.php?rest_route=\/wp\/v2\/media\/326651"}],"wp:attachment":[{"href":"https:\/\/archive.sana.sy\/tr\/index.php?rest_route=%2Fwp%2Fv2%2Fmedia&parent=326650"}],"wp:term":[{"taxonomy":"category","embeddable":true,"href":"https:\/\/archive.sana.sy\/tr\/index.php?rest_route=%2Fwp%2Fv2%2Fcategories&post=326650"},{"taxonomy":"post_tag","embeddable":true,"href":"https:\/\/archive.sana.sy\/tr\/index.php?rest_route=%2Fwp%2Fv2%2Ftags&post=326650"}],"curies":[{"name":"wp","href":"https:\/\/api.w.org\/{rel}","templated":true}]}}