{"id":326653,"date":"2025-07-29T12:33:44","date_gmt":"2025-07-29T09:33:44","guid":{"rendered":"https:\/\/sana.sy\/tr\/?p=326653"},"modified":"2025-07-29T15:56:24","modified_gmt":"2025-07-29T12:56:24","slug":"yuksekogretim-ile-adalet-bakanlari-ortak-bilimsel-ve-akademik-is-birligini-guclendirmek-ve-gelistirmek-amaciyla-anlasma-imzaladi","status":"publish","type":"post","link":"https:\/\/archive.sana.sy\/tr\/?p=326653","title":{"rendered":"Y\u00fcksek\u00f6\u011fretim ile Adalet Bakanlar\u0131, Ortak Bilimsel ve Akademik \u0130\u015f Birli\u011fini G\u00fc\u00e7lendirmek ve Geli\u015ftirmek Amac\u0131yla Anla\u015fma \u0130mzalad\u0131"},"content":{"rendered":"<p style=\"text-align: justify;\"><span style=\"color: #ff0000;\"><strong>\u015eAM (SANA)<\/strong> <\/span>&#8211; Suriye Y\u00fcksek\u00f6\u011fretim ve Bilimsel Ara\u015ft\u0131rmalar Bakan\u0131 Dr. Mervan El Halabi ile Adalet Bakan\u0131 Dr. Mazher El Veys, Suriye Y\u00fcksek Yarg\u0131 Enstit\u00fcs\u00fc mezunlar\u0131 ve hakimlerine Suriye kamu \u00fcniversitelerinin Hukuk ve \u015eeriat fak\u00fcltelerinde akademik y\u00fcksek lisans programlar\u0131na kat\u0131lma imkan\u0131 sa\u011flanarak ortak bilimsel ve akademik i\u015f birli\u011finin g\u00fc\u00e7lendirilmesi ve geli\u015ftirilmesine y\u00f6nelik bir anla\u015fma imzalad\u0131.<\/p>\n","protected":false},"excerpt":{"rendered":"<p>\u015eAM (SANA) &#8211; Suriye Y\u00fcksek\u00f6\u011fretim ve Bilimsel Ara\u015ft\u0131rmalar Bakan\u0131 Dr. Mervan El Halabi ile Adalet Bakan\u0131 Dr. Mazher El Veys, Suriye Y\u00fcksek Yarg\u0131 Enstit\u00fcs\u00fc mezunlar\u0131 ve hakimlerine Suriye kamu \u00fcniversitelerinin Hukuk ve \u015eeriat fak\u00fcltelerinde akademik y\u00fcksek lisans programlar\u0131na kat\u0131lma imkan\u0131 sa\u011flanarak ortak bilimsel ve akademik i\u015f birli\u011finin g\u00fc\u00e7lendirilmesi ve geli\u015ftirilmesine y\u00f6nelik bir anla\u015fma imzalad\u0131.<\/p>\n","protected":false},"author":36,"featured_media":326654,"comment_status":"closed","ping_status":"closed","sticky":false,"template":"","format":"standard","meta":{"footnotes":""},"categories":[589,479,478],"tags":[],"class_list":["post-326653","post","type-post","status-publish","format-standard","has-post-thumbnail","","category-haber-seridi","category-haberler-yerel","category-yerel"],"_links":{"self":[{"href":"https:\/\/archive.sana.sy\/tr\/index.php?rest_route=\/wp\/v2\/posts\/326653","targetHints":{"allow":["GET"]}}],"collection":[{"href":"https:\/\/archive.sana.sy\/tr\/index.php?rest_route=\/wp\/v2\/posts"}],"about":[{"href":"https:\/\/archive.sana.sy\/tr\/index.php?rest_route=\/wp\/v2\/types\/post"}],"author":[{"embeddable":true,"href":"https:\/\/archive.sana.sy\/tr\/index.php?rest_route=\/wp\/v2\/users\/36"}],"replies":[{"embeddable":true,"href":"https:\/\/archive.sana.sy\/tr\/index.php?rest_route=%2Fwp%2Fv2%2Fcomments&post=326653"}],"version-history":[{"count":1,"href":"https:\/\/archive.sana.sy\/tr\/index.php?rest_route=\/wp\/v2\/posts\/326653\/revisions"}],"predecessor-version":[{"id":326655,"href":"https:\/\/archive.sana.sy\/tr\/index.php?rest_route=\/wp\/v2\/posts\/326653\/revisions\/326655"}],"wp:featuredmedia":[{"embeddable":true,"href":"https:\/\/archive.sana.sy\/tr\/index.php?rest_route=\/wp\/v2\/media\/326654"}],"wp:attachment":[{"href":"https:\/\/archive.sana.sy\/tr\/index.php?rest_route=%2Fwp%2Fv2%2Fmedia&parent=326653"}],"wp:term":[{"taxonomy":"category","embeddable":true,"href":"https:\/\/archive.sana.sy\/tr\/index.php?rest_route=%2Fwp%2Fv2%2Fcategories&post=326653"},{"taxonomy":"post_tag","embeddable":true,"href":"https:\/\/archive.sana.sy\/tr\/index.php?rest_route=%2Fwp%2Fv2%2Ftags&post=326653"}],"curies":[{"name":"wp","href":"https:\/\/api.w.org\/{rel}","templated":true}]}}