{"id":326668,"date":"2025-07-29T15:31:11","date_gmt":"2025-07-29T12:31:11","guid":{"rendered":"https:\/\/sana.sy\/tr\/?p=326668"},"modified":"2025-07-30T18:27:23","modified_gmt":"2025-07-30T15:27:23","slug":"lubnandan-suriyeye-gonullu-donus-programi-kapsaminda-72-suriyeli-multecinin-cdeydit-yabus-sinir-kapisindan-donuslerine-ait-goruntuler","status":"publish","type":"post","link":"https:\/\/archive.sana.sy\/tr\/?p=326668","title":{"rendered":"L\u00fcbnan&#8217;dan Suriye&#8217;ye G\u00f6n\u00fcll\u00fc D\u00f6n\u00fc\u015f Program\u0131 Kapsam\u0131nda&#8230; 72 Suriyeli M\u00fcltecinin Cdeydit Yabus S\u0131n\u0131r Kap\u0131s\u0131ndan D\u00f6n\u00fc\u015flerinin G\u00f6r\u00fcnt\u00fcleri"},"content":{"rendered":"<p style=\"text-align: justify;\"><span style=\"color: #ff0000;\"><strong>\u015eAM (SANA)<\/strong> <\/span>&#8211; Birle\u015fmi\u015f Milletler M\u00fclteciler Y\u00fcksek Komiserli\u011fi&#8217;nin (UNHCR) Suriye&#8217;deki faaliyetleri kapsam\u0131nda L\u00fcbnan&#8217;dan Suriye&#8217;ye g\u00f6n\u00fcll\u00fc geri d\u00f6n\u00fc\u015f program\u0131 kapsam\u0131nda \u015eam k\u0131rsal\u0131ndaki Cdeydit Yabus s\u0131n\u0131r kap\u0131s\u0131ndan 72 Suriyeli m\u00fcltecinin d\u00f6n\u00fc\u015f\u00fcne ili\u015fkin g\u00f6r\u00fcnt\u00fcler.<\/p>\n<div id='gallery-1' class='gallery galleryid-326668 gallery-columns-1 gallery-size-full'><figure class='gallery-item'>\n\t\t\t<div class='gallery-icon landscape'>\n\t\t\t\t<a href='https:\/\/archive.sana.sy\/tr\/?attachment_id=326670'><img loading=\"lazy\" decoding=\"async\" width=\"660\" height=\"370\" src=\"https:\/\/archive.sana.sy\/tr\/wp-content\/uploads\/2025\/07\/1-27.jpg\" class=\"attachment-full size-full\" alt=\"\" srcset=\"https:\/\/archive.sana.sy\/tr\/wp-content\/uploads\/2025\/07\/1-27.jpg 660w, https:\/\/archive.sana.sy\/tr\/wp-content\/uploads\/2025\/07\/1-27-300x168.jpg 300w\" sizes=\"auto, (max-width: 660px) 100vw, 660px\" \/><\/a>\n\t\t\t<\/div><\/figure><figure class='gallery-item'>\n\t\t\t<div class='gallery-icon landscape'>\n\t\t\t\t<a href='https:\/\/archive.sana.sy\/tr\/?attachment_id=326671'><img loading=\"lazy\" decoding=\"async\" width=\"1280\" height=\"853\" src=\"https:\/\/archive.sana.sy\/tr\/wp-content\/uploads\/2025\/07\/2-28.jpg\" class=\"attachment-full size-full\" alt=\"\" srcset=\"https:\/\/archive.sana.sy\/tr\/wp-content\/uploads\/2025\/07\/2-28.jpg 1280w, https:\/\/archive.sana.sy\/tr\/wp-content\/uploads\/2025\/07\/2-28-300x200.jpg 300w, https:\/\/archive.sana.sy\/tr\/wp-content\/uploads\/2025\/07\/2-28-1024x682.jpg 1024w, https:\/\/archive.sana.sy\/tr\/wp-content\/uploads\/2025\/07\/2-28-768x512.jpg 768w\" sizes=\"auto, (max-width: 1280px) 100vw, 1280px\" \/><\/a>\n\t\t\t<\/div><\/figure><figure class='gallery-item'>\n\t\t\t<div class='gallery-icon landscape'>\n\t\t\t\t<a href='https:\/\/archive.sana.sy\/tr\/?attachment_id=326672'><img loading=\"lazy\" decoding=\"async\" width=\"1280\" height=\"853\" src=\"https:\/\/archive.sana.sy\/tr\/wp-content\/uploads\/2025\/07\/3-21.jpg\" class=\"attachment-full size-full\" alt=\"\" srcset=\"https:\/\/archive.sana.sy\/tr\/wp-content\/uploads\/2025\/07\/3-21.jpg 1280w, https:\/\/archive.sana.sy\/tr\/wp-content\/uploads\/2025\/07\/3-21-300x200.jpg 300w, https:\/\/archive.sana.sy\/tr\/wp-content\/uploads\/2025\/07\/3-21-1024x682.jpg 1024w, https:\/\/archive.sana.sy\/tr\/wp-content\/uploads\/2025\/07\/3-21-768x512.jpg 768w\" sizes=\"auto, (max-width: 1280px) 100vw, 1280px\" \/><\/a>\n\t\t\t<\/div><\/figure><figure class='gallery-item'>\n\t\t\t<div class='gallery-icon landscape'>\n\t\t\t\t<a href='https:\/\/archive.sana.sy\/tr\/?attachment_id=326673'><img loading=\"lazy\" decoding=\"async\" width=\"1280\" height=\"853\" src=\"https:\/\/archive.sana.sy\/tr\/wp-content\/uploads\/2025\/07\/5-5.jpg\" class=\"attachment-full size-full\" alt=\"\" srcset=\"https:\/\/archive.sana.sy\/tr\/wp-content\/uploads\/2025\/07\/5-5.jpg 1280w, https:\/\/archive.sana.sy\/tr\/wp-content\/uploads\/2025\/07\/5-5-300x200.jpg 300w, https:\/\/archive.sana.sy\/tr\/wp-content\/uploads\/2025\/07\/5-5-1024x682.jpg 1024w, https:\/\/archive.sana.sy\/tr\/wp-content\/uploads\/2025\/07\/5-5-768x512.jpg 768w\" sizes=\"auto, (max-width: 1280px) 100vw, 1280px\" \/><\/a>\n\t\t\t<\/div><\/figure><figure class='gallery-item'>\n\t\t\t<div class='gallery-icon landscape'>\n\t\t\t\t<a href='https:\/\/archive.sana.sy\/tr\/?attachment_id=326674'><img loading=\"lazy\" decoding=\"async\" width=\"1280\" height=\"853\" src=\"https:\/\/archive.sana.sy\/tr\/wp-content\/uploads\/2025\/07\/7-3.jpg\" class=\"attachment-full size-full\" alt=\"\" srcset=\"https:\/\/archive.sana.sy\/tr\/wp-content\/uploads\/2025\/07\/7-3.jpg 1280w, https:\/\/archive.sana.sy\/tr\/wp-content\/uploads\/2025\/07\/7-3-300x200.jpg 300w, https:\/\/archive.sana.sy\/tr\/wp-content\/uploads\/2025\/07\/7-3-1024x682.jpg 1024w, https:\/\/archive.sana.sy\/tr\/wp-content\/uploads\/2025\/07\/7-3-768x512.jpg 768w\" sizes=\"auto, (max-width: 1280px) 100vw, 1280px\" \/><\/a>\n\t\t\t<\/div><\/figure><figure class='gallery-item'>\n\t\t\t<div class='gallery-icon landscape'>\n\t\t\t\t<a href='https:\/\/archive.sana.sy\/tr\/?attachment_id=326675'><img loading=\"lazy\" decoding=\"async\" width=\"1280\" height=\"853\" src=\"https:\/\/archive.sana.sy\/tr\/wp-content\/uploads\/2025\/07\/8-2.jpg\" class=\"attachment-full size-full\" alt=\"\" srcset=\"https:\/\/archive.sana.sy\/tr\/wp-content\/uploads\/2025\/07\/8-2.jpg 1280w, https:\/\/archive.sana.sy\/tr\/wp-content\/uploads\/2025\/07\/8-2-300x200.jpg 300w, https:\/\/archive.sana.sy\/tr\/wp-content\/uploads\/2025\/07\/8-2-1024x682.jpg 1024w, https:\/\/archive.sana.sy\/tr\/wp-content\/uploads\/2025\/07\/8-2-768x512.jpg 768w\" sizes=\"auto, (max-width: 1280px) 100vw, 1280px\" \/><\/a>\n\t\t\t<\/div><\/figure>\n\t\t<\/div>\n\n","protected":false},"excerpt":{"rendered":"<p>\u015eAM (SANA) &#8211; Birle\u015fmi\u015f Milletler M\u00fclteciler Y\u00fcksek Komiserli\u011fi&#8217;nin (UNHCR) Suriye&#8217;deki faaliyetleri kapsam\u0131nda L\u00fcbnan&#8217;dan Suriye&#8217;ye g\u00f6n\u00fcll\u00fc geri d\u00f6n\u00fc\u015f program\u0131 kapsam\u0131nda \u015eam k\u0131rsal\u0131ndaki Cdeydit Yabus s\u0131n\u0131r kap\u0131s\u0131ndan 72 Suriyeli m\u00fcltecinin d\u00f6n\u00fc\u015f\u00fcne ili\u015fkin g\u00f6r\u00fcnt\u00fcler.<\/p>\n","protected":false},"author":36,"featured_media":326669,"comment_status":"closed","ping_status":"closed","sticky":false,"template":"","format":"standard","meta":{"footnotes":""},"categories":[596,589,479,17988,478],"tags":[44118],"class_list":["post-326668","post","type-post","status-publish","format-standard","has-post-thumbnail","","category-fotografli-raporlar","category-haber-seridi","category-haberler-yerel","category-son-haberler","category-yerel","tag-lubnandan-suriyeye-gonullu-donus-programi-kapsaminda-72-suriyeli-multecinin-cdeydit-yabus-sinir-kapisindan-donuslerine-ait-goruntuler"],"_links":{"self":[{"href":"https:\/\/archive.sana.sy\/tr\/index.php?rest_route=\/wp\/v2\/posts\/326668","targetHints":{"allow":["GET"]}}],"collection":[{"href":"https:\/\/archive.sana.sy\/tr\/index.php?rest_route=\/wp\/v2\/posts"}],"about":[{"href":"https:\/\/archive.sana.sy\/tr\/index.php?rest_route=\/wp\/v2\/types\/post"}],"author":[{"embeddable":true,"href":"https:\/\/archive.sana.sy\/tr\/index.php?rest_route=\/wp\/v2\/users\/36"}],"replies":[{"embeddable":true,"href":"https:\/\/archive.sana.sy\/tr\/index.php?rest_route=%2Fwp%2Fv2%2Fcomments&post=326668"}],"version-history":[{"count":2,"href":"https:\/\/archive.sana.sy\/tr\/index.php?rest_route=\/wp\/v2\/posts\/326668\/revisions"}],"predecessor-version":[{"id":326677,"href":"https:\/\/archive.sana.sy\/tr\/index.php?rest_route=\/wp\/v2\/posts\/326668\/revisions\/326677"}],"wp:featuredmedia":[{"embeddable":true,"href":"https:\/\/archive.sana.sy\/tr\/index.php?rest_route=\/wp\/v2\/media\/326669"}],"wp:attachment":[{"href":"https:\/\/archive.sana.sy\/tr\/index.php?rest_route=%2Fwp%2Fv2%2Fmedia&parent=326668"}],"wp:term":[{"taxonomy":"category","embeddable":true,"href":"https:\/\/archive.sana.sy\/tr\/index.php?rest_route=%2Fwp%2Fv2%2Fcategories&post=326668"},{"taxonomy":"post_tag","embeddable":true,"href":"https:\/\/archive.sana.sy\/tr\/index.php?rest_route=%2Fwp%2Fv2%2Ftags&post=326668"}],"curies":[{"name":"wp","href":"https:\/\/api.w.org\/{rel}","templated":true}]}}