{"id":326678,"date":"2025-07-29T15:38:06","date_gmt":"2025-07-29T12:38:06","guid":{"rendered":"https:\/\/sana.sy\/tr\/?p=326678"},"modified":"2025-07-29T15:38:06","modified_gmt":"2025-07-29T12:38:06","slug":"urdun-krali-ve-ingiltere-basbakani-suriyenin-guvenligi-ve-istikrarinin-korunmasinin-onemini-vurguladi","status":"publish","type":"post","link":"https:\/\/archive.sana.sy\/tr\/?p=326678","title":{"rendered":"\u00dcrd\u00fcn Kral\u0131 ve \u0130ngiltere Ba\u015fbakan\u0131, Suriye&#8217;nin G\u00fcvenli\u011fi ve \u0130stikrar\u0131n\u0131n Korunmas\u0131n\u0131n \u00d6nemini Vurgulad\u0131"},"content":{"rendered":"<p style=\"text-align: justify;\" data-start=\"247\" data-end=\"405\"><span style=\"color: #ff0000;\"><strong>AMMAN (SANA)<\/strong> <\/span>\u2013 \u00dcrd\u00fcn Kral\u0131 II. Abdullah ile \u0130ngiltere Ba\u015fbakan\u0131 Keir Starmer, Suriye\u2019nin g\u00fcvenli\u011fi, istikrar\u0131 ve egemenli\u011finin korunmas\u0131n\u0131n \u00f6nemini vurgulad\u0131.<\/p>\n<p style=\"text-align: justify;\" data-start=\"407\" data-end=\"565\">Petra Haber Ajans\u0131\u2019n\u0131n bildirdi\u011fine g\u00f6re, bu a\u00e7\u0131klama Kral II. Abdullah\u2019\u0131n bug\u00fcn \u0130ngiltere Ba\u015fbakan\u0131 ile ger\u00e7ekle\u015ftirdi\u011fi telefon g\u00f6r\u00fc\u015fmesi s\u0131ras\u0131nda yap\u0131ld\u0131.<\/p>\n<p style=\"text-align: justify;\" data-start=\"567\" data-end=\"771\">Kral II. Abdullah, Gazze\u2019de ya\u015fanan insani felaketin derhal sona erdirilmesi gerekti\u011fini ve Gazze \u015eeridi halk\u0131n\u0131n ac\u0131lar\u0131n\u0131 hafifletmek amac\u0131yla b\u00f6lgeye yard\u0131m ak\u0131\u015f\u0131n\u0131n sa\u011flanmas\u0131n\u0131n \u00f6nemini dile getirdi.<\/p>\n<p style=\"text-align: justify;\" data-start=\"773\" data-end=\"1075\">Ayr\u0131ca, Gazze\u2019de ate\u015fkes sa\u011flanmas\u0131n\u0131n ve \u00dcrd\u00fcn\u2019\u00fcn Gazze\u2019ye yard\u0131m ula\u015ft\u0131r\u0131lmas\u0131 i\u00e7in karde\u015f ve dost \u00fclkelerle s\u00fcrekli koordinasyon i\u00e7inde olmas\u0131n\u0131n kritik oldu\u011funu belirtti. Avrupa\u2019n\u0131n sava\u015f\u0131n sona erdirilmesi ve iki devletli \u00e7\u00f6z\u00fcme dayal\u0131 bar\u0131\u015f\u0131n tesis edilmesi konusundaki tutumu \u00f6vg\u00fcyle kar\u015f\u0131land\u0131.<\/p>\n<p style=\"text-align: justify;\" data-start=\"1077\" data-end=\"1333\">G\u00f6r\u00fc\u015fmede ayr\u0131ca, \u00dcrd\u00fcn ile Birle\u015fik Krall\u0131k aras\u0131nda Gazze\u2019de insani m\u00fcdahalelerin yo\u011funla\u015ft\u0131r\u0131lmas\u0131 ve yard\u0131m ula\u015ft\u0131r\u0131lmas\u0131 konusunda i\u015f birli\u011finin art\u0131r\u0131lmas\u0131 ele al\u0131nd\u0131. Bat\u0131 \u015eeria ve Kud\u00fcs\u2019te gerilimin t\u0131rmanma riski konusunda da uyar\u0131larda bulunuldu.<\/p>\n","protected":false},"excerpt":{"rendered":"<p>AMMAN (SANA) \u2013 \u00dcrd\u00fcn Kral\u0131 II. Abdullah ile \u0130ngiltere Ba\u015fbakan\u0131 Keir Starmer, Suriye\u2019nin g\u00fcvenli\u011fi, istikrar\u0131 ve egemenli\u011finin korunmas\u0131n\u0131n \u00f6nemini vurgulad\u0131. Petra Haber Ajans\u0131\u2019n\u0131n bildirdi\u011fine g\u00f6re, bu a\u00e7\u0131klama Kral II. Abdullah\u2019\u0131n bug\u00fcn \u0130ngiltere Ba\u015fbakan\u0131 ile ger\u00e7ekle\u015ftirdi\u011fi telefon g\u00f6r\u00fc\u015fmesi s\u0131ras\u0131nda yap\u0131ld\u0131. Kral II. Abdullah, Gazze\u2019de ya\u015fanan insani felaketin derhal sona erdirilmesi gerekti\u011fini ve Gazze \u015eeridi halk\u0131n\u0131n ac\u0131lar\u0131n\u0131 &hellip;<\/p>\n","protected":false},"author":36,"featured_media":326679,"comment_status":"closed","ping_status":"closed","sticky":false,"template":"","format":"standard","meta":{"footnotes":""},"categories":[589,479,17988,478],"tags":[],"class_list":["post-326678","post","type-post","status-publish","format-standard","has-post-thumbnail","","category-haber-seridi","category-haberler-yerel","category-son-haberler","category-yerel"],"_links":{"self":[{"href":"https:\/\/archive.sana.sy\/tr\/index.php?rest_route=\/wp\/v2\/posts\/326678","targetHints":{"allow":["GET"]}}],"collection":[{"href":"https:\/\/archive.sana.sy\/tr\/index.php?rest_route=\/wp\/v2\/posts"}],"about":[{"href":"https:\/\/archive.sana.sy\/tr\/index.php?rest_route=\/wp\/v2\/types\/post"}],"author":[{"embeddable":true,"href":"https:\/\/archive.sana.sy\/tr\/index.php?rest_route=\/wp\/v2\/users\/36"}],"replies":[{"embeddable":true,"href":"https:\/\/archive.sana.sy\/tr\/index.php?rest_route=%2Fwp%2Fv2%2Fcomments&post=326678"}],"version-history":[{"count":1,"href":"https:\/\/archive.sana.sy\/tr\/index.php?rest_route=\/wp\/v2\/posts\/326678\/revisions"}],"predecessor-version":[{"id":326680,"href":"https:\/\/archive.sana.sy\/tr\/index.php?rest_route=\/wp\/v2\/posts\/326678\/revisions\/326680"}],"wp:featuredmedia":[{"embeddable":true,"href":"https:\/\/archive.sana.sy\/tr\/index.php?rest_route=\/wp\/v2\/media\/326679"}],"wp:attachment":[{"href":"https:\/\/archive.sana.sy\/tr\/index.php?rest_route=%2Fwp%2Fv2%2Fmedia&parent=326678"}],"wp:term":[{"taxonomy":"category","embeddable":true,"href":"https:\/\/archive.sana.sy\/tr\/index.php?rest_route=%2Fwp%2Fv2%2Fcategories&post=326678"},{"taxonomy":"post_tag","embeddable":true,"href":"https:\/\/archive.sana.sy\/tr\/index.php?rest_route=%2Fwp%2Fv2%2Ftags&post=326678"}],"curies":[{"name":"wp","href":"https:\/\/api.w.org\/{rel}","templated":true}]}}