{"id":326684,"date":"2025-07-29T14:00:17","date_gmt":"2025-07-29T11:00:17","guid":{"rendered":"https:\/\/sana.sy\/tr\/?p=326684"},"modified":"2025-07-29T16:56:58","modified_gmt":"2025-07-29T13:56:58","slug":"bilimsel-is-birliginin-guclendirilmesine-yonelik-suriye-lubnan-gorusmeleri-duzenlendi","status":"publish","type":"post","link":"https:\/\/archive.sana.sy\/tr\/?p=326684","title":{"rendered":"Suriye Ve L\u00fcbnan Bilimsel \u0130\u015f Birli\u011finin G\u00fc\u00e7lendirilmesini G\u00f6r\u00fc\u015ft\u00fc"},"content":{"rendered":"<p style=\"text-align: justify;\" data-start=\"159\" data-end=\"365\"><span style=\"color: #ff0000;\"><strong>\u015eAM (SANA) &#8211;<\/strong><\/span> Y\u00fcksek\u00f6\u011fretim ve Bilimsel Ara\u015ft\u0131rmalar Bakan\u0131 Dr. Mervan Halabi, \u015eam&#8217;daki L\u00fcbnan B\u00fcy\u00fckel\u00e7ili\u011fi Ge\u00e7ici Maslahatg\u00fczar\u0131 Talal Daher ile iki \u00fclke aras\u0131ndaki bilimsel i\u015f birli\u011finin g\u00fc\u00e7lendirilmesini g\u00f6r\u00fc\u015fm\u00fc\u015ft\u00fcr.<\/p>\n<p style=\"text-align: justify;\" data-start=\"367\" data-end=\"594\">Bakan Halabi, bug\u00fcn \u015eam&#8217;daki bakanl\u0131kta ger\u00e7ekle\u015ftirilen g\u00f6r\u00fc\u015fmede, iki \u00fclke aras\u0131ndaki \u00f6zel ve tarih\u00ee ili\u015fkilere i\u015faret ederek, Suriye ve L\u00fcbnan&#8217;\u0131n co\u011frafi olarak iki farkl\u0131 b\u00f6lgede ya\u015fayan tek bir halk oldu\u011funu vurgulam\u0131\u015ft\u0131r.<\/p>\n<p style=\"text-align: justify;\" data-start=\"596\" data-end=\"958\">Bakan Halabi ayr\u0131ca, y\u00fcksek\u00f6\u011fretim alan\u0131nda ikili ili\u015fkilerin g\u00fc\u00e7lendirilmesinin \u00f6nemine dikkat \u00e7ekmi\u015f, Suriye \u00f6\u011frencilerinin d\u00f6n\u00fc\u015f\u00fcn\u00fc kolayla\u015ft\u0131racak yasal d\u00fczenlemelerin yap\u0131lmas\u0131n\u0131, k\u00fclt\u00fcrel i\u015f birli\u011fi ve \u00fcniversiteler aras\u0131 de\u011fi\u015fim anla\u015fmalar\u0131n\u0131n devam ettirilmesini ifade etmi\u015f ve bakanl\u0131\u011f\u0131n t\u00fcm alanlarda L\u00fcbnan taraf\u0131yla i\u015f birli\u011fine haz\u0131r oldu\u011funu belirtmi\u015ftir.<\/p>\n<p style=\"text-align: justify;\" data-start=\"960\" data-end=\"1313\">L\u00fcbnan Ge\u00e7ici Maslahatg\u00fczar\u0131 ise iki \u00fclke aras\u0131ndaki tarih boyunca devam eden se\u00e7kin ikili ili\u015fkilere ve halklar\u0131n bir arada ya\u015famas\u0131na vurgu yapm\u0131\u015f, L\u00fcbnanl\u0131 \u00f6\u011frenciler i\u00e7in ikamet s\u00fcresi ve ko\u015fullar\u0131nda kolayl\u0131k sa\u011flanmas\u0131 imkan\u0131ndan s\u00f6z etmi\u015f ve \u00f6n\u00fcm\u00fczdeki d\u00f6nemde ili\u015fkilerin ve i\u015f birli\u011finin g\u00fc\u00e7lendirilmesini d\u00f6rt g\u00f6zle bekledi\u011fini ifade etmi\u015ftir.<\/p>\n","protected":false},"excerpt":{"rendered":"<p>\u015eAM (SANA) &#8211; Y\u00fcksek\u00f6\u011fretim ve Bilimsel Ara\u015ft\u0131rmalar Bakan\u0131 Dr. Mervan Halabi, \u015eam&#8217;daki L\u00fcbnan B\u00fcy\u00fckel\u00e7ili\u011fi Ge\u00e7ici Maslahatg\u00fczar\u0131 Talal Daher ile iki \u00fclke aras\u0131ndaki bilimsel i\u015f birli\u011finin g\u00fc\u00e7lendirilmesini g\u00f6r\u00fc\u015fm\u00fc\u015ft\u00fcr. Bakan Halabi, bug\u00fcn \u015eam&#8217;daki bakanl\u0131kta ger\u00e7ekle\u015ftirilen g\u00f6r\u00fc\u015fmede, iki \u00fclke aras\u0131ndaki \u00f6zel ve tarih\u00ee ili\u015fkilere i\u015faret ederek, Suriye ve L\u00fcbnan&#8217;\u0131n co\u011frafi olarak iki farkl\u0131 b\u00f6lgede ya\u015fayan tek bir halk &hellip;<\/p>\n","protected":false},"author":36,"featured_media":326685,"comment_status":"closed","ping_status":"closed","sticky":false,"template":"","format":"standard","meta":{"footnotes":""},"categories":[589,479,17988,478],"tags":[44120],"class_list":["post-326684","post","type-post","status-publish","format-standard","has-post-thumbnail","","category-haber-seridi","category-haberler-yerel","category-son-haberler","category-yerel","tag-bilimsel-is-birliginin-guclendirilmesine-yonelik-suriye-lubnan-gorusmeleri"],"_links":{"self":[{"href":"https:\/\/archive.sana.sy\/tr\/index.php?rest_route=\/wp\/v2\/posts\/326684","targetHints":{"allow":["GET"]}}],"collection":[{"href":"https:\/\/archive.sana.sy\/tr\/index.php?rest_route=\/wp\/v2\/posts"}],"about":[{"href":"https:\/\/archive.sana.sy\/tr\/index.php?rest_route=\/wp\/v2\/types\/post"}],"author":[{"embeddable":true,"href":"https:\/\/archive.sana.sy\/tr\/index.php?rest_route=\/wp\/v2\/users\/36"}],"replies":[{"embeddable":true,"href":"https:\/\/archive.sana.sy\/tr\/index.php?rest_route=%2Fwp%2Fv2%2Fcomments&post=326684"}],"version-history":[{"count":2,"href":"https:\/\/archive.sana.sy\/tr\/index.php?rest_route=\/wp\/v2\/posts\/326684\/revisions"}],"predecessor-version":[{"id":326693,"href":"https:\/\/archive.sana.sy\/tr\/index.php?rest_route=\/wp\/v2\/posts\/326684\/revisions\/326693"}],"wp:featuredmedia":[{"embeddable":true,"href":"https:\/\/archive.sana.sy\/tr\/index.php?rest_route=\/wp\/v2\/media\/326685"}],"wp:attachment":[{"href":"https:\/\/archive.sana.sy\/tr\/index.php?rest_route=%2Fwp%2Fv2%2Fmedia&parent=326684"}],"wp:term":[{"taxonomy":"category","embeddable":true,"href":"https:\/\/archive.sana.sy\/tr\/index.php?rest_route=%2Fwp%2Fv2%2Fcategories&post=326684"},{"taxonomy":"post_tag","embeddable":true,"href":"https:\/\/archive.sana.sy\/tr\/index.php?rest_route=%2Fwp%2Fv2%2Ftags&post=326684"}],"curies":[{"name":"wp","href":"https:\/\/api.w.org\/{rel}","templated":true}]}}