{"id":326687,"date":"2025-07-29T16:20:00","date_gmt":"2025-07-29T13:20:00","guid":{"rendered":"https:\/\/sana.sy\/tr\/?p=326687"},"modified":"2025-07-29T16:20:00","modified_gmt":"2025-07-29T13:20:00","slug":"irak-basbakani-ulkesinin-suriyenin-birligine-bagliligini-dogruladi","status":"publish","type":"post","link":"https:\/\/archive.sana.sy\/tr\/?p=326687","title":{"rendered":"Irak Ba\u015fbakan\u0131, \u00dclkesinin Suriye&#8217;nin Birli\u011fine Ba\u011fl\u0131l\u0131\u011f\u0131n\u0131 Do\u011frulad\u0131"},"content":{"rendered":"<p style=\"text-align: justify;\"><span style=\"color: #ff0000;\"><strong>BA\u011eDAT (SANA)<\/strong> <\/span>&#8211; Irak Ba\u015fbakan\u0131 Muhammed \u015eeyya El Sudani, \u00fclkesinin Suriye&#8217;nin birli\u011fi ve istikrar\u0131na ba\u011fl\u0131l\u0131\u011f\u0131n\u0131 do\u011frulad\u0131.<\/p>\n<p style=\"text-align: justify;\">Irak Haber Ajans\u0131 (INA), el-Sudani&#8217;nin Associated Press&#8217;e verdi\u011fi r\u00f6portajda \u015funlar\u0131 s\u00f6yledi\u011fini bildirdi: &#8220;Suriye, Irak&#8217;\u0131n ulusal g\u00fcvenli\u011fini temsil ediyor ve istikrar\u0131 bizim i\u00e7in \u00f6nemli. Suriye halk\u0131n\u0131n g\u00fcvenlik, istikrar ve t\u00fcm bile\u015fenlerini kapsayan bir siyasi s\u00fcre\u00e7ten yararlanmas\u0131n\u0131 istiyoruz. Ter\u00f6rizme, \u015fiddete, nefrete ve a\u015f\u0131r\u0131c\u0131l\u0131\u011fa kar\u015f\u0131 net bir duru\u015f sergilenmeli. Baz\u0131 gruplar\u0131n Suriye&#8217;de yapt\u0131klar\u0131, Irak&#8217;\u0131 vuran ter\u00f6rizmi an\u0131msatan korkun\u00e7 ve \u00fcz\u00fcc\u00fc.&#8221;<\/p>\n<p style=\"text-align: justify;\">El Sudani \u015funlar\u0131 ekledi: &#8220;Suriye&#8217;nin b\u00f6l\u00fcnmesini reddediyoruz ve Ba\u011fdat&#8217;ta d\u00fczenlenen Arap Zirvesi&#8217;nde Suriye halk\u0131n\u0131n bile\u015fenleri aras\u0131nda ulusal bir diyalog kurulmas\u0131 i\u00e7in bir giri\u015fim sunduk.&#8221;<\/p>\n","protected":false},"excerpt":{"rendered":"<p>BA\u011eDAT (SANA) &#8211; Irak Ba\u015fbakan\u0131 Muhammed \u015eeyya El Sudani, \u00fclkesinin Suriye&#8217;nin birli\u011fi ve istikrar\u0131na ba\u011fl\u0131l\u0131\u011f\u0131n\u0131 do\u011frulad\u0131. Irak Haber Ajans\u0131 (INA), el-Sudani&#8217;nin Associated Press&#8217;e verdi\u011fi r\u00f6portajda \u015funlar\u0131 s\u00f6yledi\u011fini bildirdi: &#8220;Suriye, Irak&#8217;\u0131n ulusal g\u00fcvenli\u011fini temsil ediyor ve istikrar\u0131 bizim i\u00e7in \u00f6nemli. Suriye halk\u0131n\u0131n g\u00fcvenlik, istikrar ve t\u00fcm bile\u015fenlerini kapsayan bir siyasi s\u00fcre\u00e7ten yararlanmas\u0131n\u0131 istiyoruz. Ter\u00f6rizme, \u015fiddete, nefrete &hellip;<\/p>\n","protected":false},"author":36,"featured_media":326688,"comment_status":"closed","ping_status":"closed","sticky":false,"template":"","format":"standard","meta":{"footnotes":""},"categories":[458,589,459,17988],"tags":[26458,44121],"class_list":["post-326687","post","type-post","status-publish","format-standard","has-post-thumbnail","","category-dunya1","category-haber-seridi","category-haberler-arap-uluslararasi-politika","category-son-haberler","tag-irak-basbakani","tag-ulkesinin-suriyenin-birligine-bagliligini-dogruladi"],"_links":{"self":[{"href":"https:\/\/archive.sana.sy\/tr\/index.php?rest_route=\/wp\/v2\/posts\/326687","targetHints":{"allow":["GET"]}}],"collection":[{"href":"https:\/\/archive.sana.sy\/tr\/index.php?rest_route=\/wp\/v2\/posts"}],"about":[{"href":"https:\/\/archive.sana.sy\/tr\/index.php?rest_route=\/wp\/v2\/types\/post"}],"author":[{"embeddable":true,"href":"https:\/\/archive.sana.sy\/tr\/index.php?rest_route=\/wp\/v2\/users\/36"}],"replies":[{"embeddable":true,"href":"https:\/\/archive.sana.sy\/tr\/index.php?rest_route=%2Fwp%2Fv2%2Fcomments&post=326687"}],"version-history":[{"count":1,"href":"https:\/\/archive.sana.sy\/tr\/index.php?rest_route=\/wp\/v2\/posts\/326687\/revisions"}],"predecessor-version":[{"id":326689,"href":"https:\/\/archive.sana.sy\/tr\/index.php?rest_route=\/wp\/v2\/posts\/326687\/revisions\/326689"}],"wp:featuredmedia":[{"embeddable":true,"href":"https:\/\/archive.sana.sy\/tr\/index.php?rest_route=\/wp\/v2\/media\/326688"}],"wp:attachment":[{"href":"https:\/\/archive.sana.sy\/tr\/index.php?rest_route=%2Fwp%2Fv2%2Fmedia&parent=326687"}],"wp:term":[{"taxonomy":"category","embeddable":true,"href":"https:\/\/archive.sana.sy\/tr\/index.php?rest_route=%2Fwp%2Fv2%2Fcategories&post=326687"},{"taxonomy":"post_tag","embeddable":true,"href":"https:\/\/archive.sana.sy\/tr\/index.php?rest_route=%2Fwp%2Fv2%2Ftags&post=326687"}],"curies":[{"name":"wp","href":"https:\/\/api.w.org\/{rel}","templated":true}]}}