{"id":326690,"date":"2025-07-29T16:25:43","date_gmt":"2025-07-29T13:25:43","guid":{"rendered":"https:\/\/sana.sy\/tr\/?p=326690"},"modified":"2025-07-29T16:25:43","modified_gmt":"2025-07-29T13:25:43","slug":"suudi-bakanlar-kurulu-suudi-heyetinin-suriye-ziyaretinin-sonuclarini-ovdu","status":"publish","type":"post","link":"https:\/\/archive.sana.sy\/tr\/?p=326690","title":{"rendered":"Suudi Bakanlar Kurulu, Suudi Heyetinin Suriye Ziyaretinin Sonu\u00e7lar\u0131n\u0131 \u00d6vd\u00fc"},"content":{"rendered":"<p style=\"text-align: justify;\"><strong><span style=\"color: #ff0000;\">R\u0130YAD (SANA)<\/span> &#8211; <\/strong>\u00a0Bug\u00fcn Kral Selman bin Abdulaziz Al Saud ba\u015fkanl\u0131\u011f\u0131nda toplanan Suudi Bakanlar Kurulu, ge\u00e7en hafta \u015eam&#8217;da ger\u00e7ekle\u015ftirilen Suudi-Suriye Yat\u0131r\u0131m Konferans\u0131&#8217;n\u0131n sonu\u00e7lar\u0131n\u0131n \u00f6nemini vurgulad\u0131.<\/p>\n<p style=\"text-align: justify;\">Suudi Haber Ajans\u0131 (SPA), Bakanlar Kurulu&#8217;nun, Suudi Veliaht Prens ve Ba\u015fbakan Muhammed bin Selman&#8217;\u0131n talimatlar\u0131 do\u011frultusunda ger\u00e7ekle\u015ftirilen ve Suudi Arabistan&#8217;\u0131n Suriye&#8217;nin ekonomik b\u00fcy\u00fcme yolundaki kararl\u0131 deste\u011fini teyit eden Suriye Arap Cumhuriyeti&#8217;ne yap\u0131lan ziyaretin sonu\u00e7lar\u0131n\u0131 takdir etti\u011fini bildirdi.<\/p>\n<p style=\"text-align: justify;\">Bakanlar Kurulu, ziyaret s\u0131ras\u0131nda yakla\u015f\u0131k 24 milyar Suudi Riyali de\u011ferinde 47 yat\u0131r\u0131m anla\u015fmas\u0131n\u0131n imzalanmas\u0131n\u0131n yan\u0131 s\u0131ra, kar\u015f\u0131l\u0131kl\u0131 i\u015fbirli\u011fini ilerletmek ve iki \u00fclkenin \u00f6zel sekt\u00f6r kurumlar\u0131 aras\u0131ndaki ortakl\u0131klar\u0131 etkinle\u015ftirmek amac\u0131yla ortak bir \u0130\u015f Konseyi&#8217;nin kurulmas\u0131n\u0131n ilan edilmesini memnuniyetle kar\u015f\u0131lad\u0131.<\/p>\n<p style=\"text-align: justify;\">Kurul ayr\u0131ca, Suudi Arabistan\u2019\u0131n Fransa ile ortakla\u015fa ba\u015fkanl\u0131k etti\u011fi \u201cFilistin Meselesinin Bar\u0131\u015f\u00e7\u0131l \u00c7\u00f6z\u00fcm\u00fcne \u0130li\u015fkin Y\u00fcksek D\u00fczey Uluslararas\u0131 Konferans\u201d\u0131n Filistin devletinin tan\u0131nmas\u0131n\u0131n h\u0131zland\u0131r\u0131lmas\u0131na, iki devletli \u00e7\u00f6z\u00fcm\u00fcn uygulanmas\u0131na y\u00f6nelik uzla\u015f\u0131 yolunun olu\u015fturulmas\u0131na ve b\u00f6lge \u00fclkelerinin g\u00fcvenli\u011fi ile istikrar\u0131n\u0131n g\u00fc\u00e7lendirilmesine katk\u0131 sa\u011flamas\u0131n\u0131 umdu\u011funu belirtti.<\/p>\n<p style=\"text-align: justify;\">Suudi Bas\u0131n Bakan\u0131 Say\u0131n Selman bin Yusuf el-Dusari, Bakanlar Kurulu&#8217;nun Fransa Cumhurba\u015fkan\u0131 Emmanuel Macron&#8217;un Filistin devletini tan\u0131yaca\u011f\u0131n\u0131 a\u00e7\u0131klamas\u0131n\u0131 bir kez daha memnuniyetle kar\u015f\u0131lad\u0131\u011f\u0131n\u0131 ve di\u011fer \u00fclkeleri de bar\u0131\u015fa ve Filistin halk\u0131n\u0131n haklar\u0131na destek veren benzer ad\u0131mlar atmaya \u00e7a\u011f\u0131rd\u0131\u011f\u0131n\u0131 ifade etti.<\/p>\n<p style=\"text-align: justify;\">Bakanlar Kurulu, \u0130srail Meclisi&#8217;nin i\u015fgal alt\u0131ndaki Bat\u0131 \u015eeria ve Filistin Vadisi \u00fczerinde kontrol\u00fc ele ge\u00e7irme talebini \u015fiddetle k\u0131nad\u0131; bunun bar\u0131\u015f \u00e7abalar\u0131n\u0131 baltalad\u0131\u011f\u0131n\u0131, y\u0131k\u0131m ve tahribata devam etmek anlam\u0131na geldi\u011fini vurgulayarak, i\u015fgal g\u00fc\u00e7lerinin uluslararas\u0131 hukuk ve BM kararlar\u0131n\u0131 ihlal etmesine kar\u015f\u0131 Suudi Arabistan\u2019\u0131n tam kar\u015f\u0131t duru\u015funu yineledi.<\/p>\n<p style=\"text-align: justify;\">\n","protected":false},"excerpt":{"rendered":"<p>R\u0130YAD (SANA) &#8211; \u00a0Bug\u00fcn Kral Selman bin Abdulaziz Al Saud ba\u015fkanl\u0131\u011f\u0131nda toplanan Suudi Bakanlar Kurulu, ge\u00e7en hafta \u015eam&#8217;da ger\u00e7ekle\u015ftirilen Suudi-Suriye Yat\u0131r\u0131m Konferans\u0131&#8217;n\u0131n sonu\u00e7lar\u0131n\u0131n \u00f6nemini vurgulad\u0131. Suudi Haber Ajans\u0131 (SPA), Bakanlar Kurulu&#8217;nun, Suudi Veliaht Prens ve Ba\u015fbakan Muhammed bin Selman&#8217;\u0131n talimatlar\u0131 do\u011frultusunda ger\u00e7ekle\u015ftirilen ve Suudi Arabistan&#8217;\u0131n Suriye&#8217;nin ekonomik b\u00fcy\u00fcme yolundaki kararl\u0131 deste\u011fini teyit eden Suriye Arap &hellip;<\/p>\n","protected":false},"author":36,"featured_media":326691,"comment_status":"closed","ping_status":"closed","sticky":false,"template":"","format":"standard","meta":{"footnotes":""},"categories":[458,589,459,17988],"tags":[44122,44123],"class_list":["post-326690","post","type-post","status-publish","format-standard","has-post-thumbnail","","category-dunya1","category-haber-seridi","category-haberler-arap-uluslararasi-politika","category-son-haberler","tag-suudi-bakanlar-kurulu","tag-suudi-heyetinin-suriye-ziyaretinin-sonuclarini-ovdu"],"_links":{"self":[{"href":"https:\/\/archive.sana.sy\/tr\/index.php?rest_route=\/wp\/v2\/posts\/326690","targetHints":{"allow":["GET"]}}],"collection":[{"href":"https:\/\/archive.sana.sy\/tr\/index.php?rest_route=\/wp\/v2\/posts"}],"about":[{"href":"https:\/\/archive.sana.sy\/tr\/index.php?rest_route=\/wp\/v2\/types\/post"}],"author":[{"embeddable":true,"href":"https:\/\/archive.sana.sy\/tr\/index.php?rest_route=\/wp\/v2\/users\/36"}],"replies":[{"embeddable":true,"href":"https:\/\/archive.sana.sy\/tr\/index.php?rest_route=%2Fwp%2Fv2%2Fcomments&post=326690"}],"version-history":[{"count":1,"href":"https:\/\/archive.sana.sy\/tr\/index.php?rest_route=\/wp\/v2\/posts\/326690\/revisions"}],"predecessor-version":[{"id":326692,"href":"https:\/\/archive.sana.sy\/tr\/index.php?rest_route=\/wp\/v2\/posts\/326690\/revisions\/326692"}],"wp:featuredmedia":[{"embeddable":true,"href":"https:\/\/archive.sana.sy\/tr\/index.php?rest_route=\/wp\/v2\/media\/326691"}],"wp:attachment":[{"href":"https:\/\/archive.sana.sy\/tr\/index.php?rest_route=%2Fwp%2Fv2%2Fmedia&parent=326690"}],"wp:term":[{"taxonomy":"category","embeddable":true,"href":"https:\/\/archive.sana.sy\/tr\/index.php?rest_route=%2Fwp%2Fv2%2Fcategories&post=326690"},{"taxonomy":"post_tag","embeddable":true,"href":"https:\/\/archive.sana.sy\/tr\/index.php?rest_route=%2Fwp%2Fv2%2Ftags&post=326690"}],"curies":[{"name":"wp","href":"https:\/\/api.w.org\/{rel}","templated":true}]}}