{"id":326694,"date":"2025-07-29T08:11:06","date_gmt":"2025-07-29T05:11:06","guid":{"rendered":"https:\/\/sana.sy\/tr\/?p=326694"},"modified":"2025-07-29T18:13:21","modified_gmt":"2025-07-29T15:13:21","slug":"urdun-krali-ile-birlesik-krallik-basbakani-suriyenin-guvenligi-ve-istikrarinin-korunmasinin-onemine-vurgu-yapti","status":"publish","type":"post","link":"https:\/\/archive.sana.sy\/tr\/?p=326694","title":{"rendered":"\u00dcrd\u00fcn Kral\u0131 ile Birle\u015fik Krall\u0131k Ba\u015fbakan\u0131, Suriye\u2019nin G\u00fcvenli\u011fi ve \u0130stikrar\u0131n\u0131n Korunmas\u0131n\u0131n \u00d6nemine Vurgu Yapt\u0131"},"content":{"rendered":"<p style=\"text-align: justify;\"><span style=\"color: #ff0000;\"><strong>\u015eAM (SANA) &#8211; <\/strong><\/span>\u00a0\u00dcrd\u00fcn Kral\u0131 II. Abdullah ile Birle\u015fik Krall\u0131k Ba\u015fbakan\u0131 Keir Starmer, Suriye\u2019nin g\u00fcvenli\u011fi, istikrar\u0131 ve egemenli\u011finin korunmas\u0131n\u0131n \u00f6nemini vurgulad\u0131.<\/p>\n<p style=\"text-align: justify;\">Bu a\u00e7\u0131klama, \u00dcrd\u00fcn Kral\u0131\u2019n\u0131n bug\u00fcn Birle\u015fik Krall\u0131k Ba\u015fbakan\u0131 ile yapt\u0131\u011f\u0131 telefon g\u00f6r\u00fc\u015fmesinde dile getirildi. G\u00f6r\u00fc\u015fmeye dair a\u00e7\u0131klama \u00dcrd\u00fcn resmi haber ajans\u0131 Petra taraf\u0131ndan yap\u0131ld\u0131.<\/p>\n<p style=\"text-align: justify;\" data-start=\"526\" data-end=\"780\">Kral Abdullah, Gazze\u2019deki insani felaketin derhal sona erdirilmesi ve yard\u0131m malzemelerinin t\u00fcm b\u00f6lgelere ula\u015ft\u0131r\u0131lmas\u0131na izin verilmesi gerekti\u011finin alt\u0131n\u0131 \u00e7izdi. Gazze halk\u0131n\u0131n ya\u015fad\u0131\u011f\u0131 trajedinin hafifletilmesi i\u00e7in bu ad\u0131m\u0131n hayati oldu\u011funu belirtti.<\/p>\n<p style=\"text-align: justify;\" data-start=\"782\" data-end=\"1123\">Ayr\u0131ca Gazze&#8217;de ate\u015fkesin sa\u011flanmas\u0131n\u0131n zorunlu oldu\u011funa i\u015faret eden Kral, \u00dcrd\u00fcn\u2019\u00fcn dost ve karde\u015f \u00fclkelerle i\u015f birli\u011fi i\u00e7inde yard\u0131mlar\u0131n b\u00f6lgeye ula\u015ft\u0131r\u0131lmas\u0131n\u0131 kolayla\u015ft\u0131rma \u00e7abalar\u0131n\u0131 s\u00fcrd\u00fcrd\u00fc\u011f\u00fcn\u00fc ifade etti. Avrupa\u2019n\u0131n sava\u015f\u0131 sona erdirme ve iki devletli \u00e7\u00f6z\u00fcm temelinde bar\u0131\u015f\u0131 tesis etme y\u00f6n\u00fcndeki tutumunu da takdir etti\u011fini belirtti.<\/p>\n<p style=\"text-align: justify;\" data-start=\"1125\" data-end=\"1376\">G\u00f6r\u00fc\u015fmede, \u00dcrd\u00fcn ile Birle\u015fik Krall\u0131k aras\u0131nda Gazze\u2019ye y\u00f6nelik insani yard\u0131m \u00e7al\u0131\u015fmalar\u0131n\u0131n art\u0131r\u0131lmas\u0131 ve yard\u0131mlar\u0131n g\u00f6nderilmesine ili\u015fkin i\u015f birli\u011fi ele al\u0131nd\u0131. Ayr\u0131ca Bat\u0131 \u015eeria ve Kud\u00fcs\u2019teki gerilimin t\u0131rmanmas\u0131n\u0131n tehlikelerine dikkat \u00e7ekildi.<\/p>\n<p style=\"text-align: justify;\">\n","protected":false},"excerpt":{"rendered":"<p>\u015eAM (SANA) &#8211; \u00a0\u00dcrd\u00fcn Kral\u0131 II. Abdullah ile Birle\u015fik Krall\u0131k Ba\u015fbakan\u0131 Keir Starmer, Suriye\u2019nin g\u00fcvenli\u011fi, istikrar\u0131 ve egemenli\u011finin korunmas\u0131n\u0131n \u00f6nemini vurgulad\u0131. Bu a\u00e7\u0131klama, \u00dcrd\u00fcn Kral\u0131\u2019n\u0131n bug\u00fcn Birle\u015fik Krall\u0131k Ba\u015fbakan\u0131 ile yapt\u0131\u011f\u0131 telefon g\u00f6r\u00fc\u015fmesinde dile getirildi. G\u00f6r\u00fc\u015fmeye dair a\u00e7\u0131klama \u00dcrd\u00fcn resmi haber ajans\u0131 Petra taraf\u0131ndan yap\u0131ld\u0131. Kral Abdullah, Gazze\u2019deki insani felaketin derhal sona erdirilmesi ve yard\u0131m &hellip;<\/p>\n","protected":false},"author":36,"featured_media":326695,"comment_status":"closed","ping_status":"closed","sticky":false,"template":"","format":"standard","meta":{"footnotes":""},"categories":[458,589,459,17988],"tags":[44125,44124],"class_list":["post-326694","post","type-post","status-publish","format-standard","has-post-thumbnail","","category-dunya1","category-haber-seridi","category-haberler-arap-uluslararasi-politika","category-son-haberler","tag-suriyenin-guvenligi-ve-istikrarinin-korunmasinin-onemine-vurgu-yapti","tag-urdun-krali-ile-birlesik-krallik-basbakani"],"_links":{"self":[{"href":"https:\/\/archive.sana.sy\/tr\/index.php?rest_route=\/wp\/v2\/posts\/326694","targetHints":{"allow":["GET"]}}],"collection":[{"href":"https:\/\/archive.sana.sy\/tr\/index.php?rest_route=\/wp\/v2\/posts"}],"about":[{"href":"https:\/\/archive.sana.sy\/tr\/index.php?rest_route=\/wp\/v2\/types\/post"}],"author":[{"embeddable":true,"href":"https:\/\/archive.sana.sy\/tr\/index.php?rest_route=\/wp\/v2\/users\/36"}],"replies":[{"embeddable":true,"href":"https:\/\/archive.sana.sy\/tr\/index.php?rest_route=%2Fwp%2Fv2%2Fcomments&post=326694"}],"version-history":[{"count":1,"href":"https:\/\/archive.sana.sy\/tr\/index.php?rest_route=\/wp\/v2\/posts\/326694\/revisions"}],"predecessor-version":[{"id":326696,"href":"https:\/\/archive.sana.sy\/tr\/index.php?rest_route=\/wp\/v2\/posts\/326694\/revisions\/326696"}],"wp:featuredmedia":[{"embeddable":true,"href":"https:\/\/archive.sana.sy\/tr\/index.php?rest_route=\/wp\/v2\/media\/326695"}],"wp:attachment":[{"href":"https:\/\/archive.sana.sy\/tr\/index.php?rest_route=%2Fwp%2Fv2%2Fmedia&parent=326694"}],"wp:term":[{"taxonomy":"category","embeddable":true,"href":"https:\/\/archive.sana.sy\/tr\/index.php?rest_route=%2Fwp%2Fv2%2Fcategories&post=326694"},{"taxonomy":"post_tag","embeddable":true,"href":"https:\/\/archive.sana.sy\/tr\/index.php?rest_route=%2Fwp%2Fv2%2Ftags&post=326694"}],"curies":[{"name":"wp","href":"https:\/\/api.w.org\/{rel}","templated":true}]}}