{"id":326697,"date":"2025-07-29T18:29:54","date_gmt":"2025-07-29T15:29:54","guid":{"rendered":"https:\/\/sana.sy\/tr\/?p=326697"},"modified":"2025-07-29T18:29:54","modified_gmt":"2025-07-29T15:29:54","slug":"barrack-suriyede-butunlesme-ve-birligi-guclendirmeye-yonelik-yapici-diyalog-cabalarini-derinden-takdir-ediyoruz","status":"publish","type":"post","link":"https:\/\/archive.sana.sy\/tr\/?p=326697","title":{"rendered":"Barrack: Suriye\u2019de B\u00fct\u00fcnle\u015fme ve Birli\u011fi G\u00fc\u00e7lendirmeye Y\u00f6nelik Yap\u0131c\u0131 Diyalog \u00c7abalar\u0131n\u0131 Derinden Takdir Ediyoruz"},"content":{"rendered":"<p style=\"text-align: justify;\" data-start=\"196\" data-end=\"362\"><span style=\"color: #ff0000;\"><strong>ANKARA (SANA)<\/strong><\/span> &#8211; ABD\u2019nin Suriye \u00d6zel Temsilcisi Thomas Barrack, Suriye\u2019de b\u00fct\u00fcnle\u015fme ve ulusal birli\u011fi g\u00fc\u00e7lendirmeye y\u00f6nelik yap\u0131c\u0131 diyalog \u00e7abalar\u0131na derin takdir duydu\u011funu ifade etti.<\/p>\n<p style=\"text-align: justify;\" data-start=\"364\" data-end=\"693\">Barrack, bug\u00fcn X platformu \u00fczerinden yapt\u0131\u011f\u0131 payla\u015f\u0131mda \u015fu ifadeleri kulland\u0131: \u201cH\u00fck\u00fcmetin, Cumhurba\u015fkan\u0131 Ahmed \u015eara ba\u015fkanl\u0131\u011f\u0131nda kapsay\u0131c\u0131l\u0131\u011fa olan sars\u0131lmaz ba\u011fl\u0131l\u0131\u011f\u0131 ile Mazlum Abdi liderli\u011findeki Demokratik Suriye G\u00fc\u00e7leri\u2019nin \u00e7abalar\u0131, Suriye\u2019nin istikrar\u0131 i\u00e7in merkezi bir \u00f6neme sahiptir: Tek ordu, tek h\u00fck\u00fcmet, tek devlet.\u201d<\/p>\n<p style=\"text-align: justify;\" data-start=\"695\" data-end=\"899\">Barrack ayr\u0131ca \u015funlar\u0131 ekledi:\u201cSuriye\u2019de b\u00fct\u00fcnle\u015fme ve birli\u011fi g\u00fc\u00e7lendirmeye y\u00f6nelik yap\u0131c\u0131 diyalog s\u00fcrecini derinden takdir ediyor, g\u00fcvenli bir gelecek i\u00e7in g\u00f6r\u00fc\u015fmelerin devam\u0131n\u0131 d\u00f6rt g\u00f6zle bekliyoruz.\u201d<\/p>\n","protected":false},"excerpt":{"rendered":"<p>ANKARA (SANA) &#8211; ABD\u2019nin Suriye \u00d6zel Temsilcisi Thomas Barrack, Suriye\u2019de b\u00fct\u00fcnle\u015fme ve ulusal birli\u011fi g\u00fc\u00e7lendirmeye y\u00f6nelik yap\u0131c\u0131 diyalog \u00e7abalar\u0131na derin takdir duydu\u011funu ifade etti. Barrack, bug\u00fcn X platformu \u00fczerinden yapt\u0131\u011f\u0131 payla\u015f\u0131mda \u015fu ifadeleri kulland\u0131: \u201cH\u00fck\u00fcmetin, Cumhurba\u015fkan\u0131 Ahmed \u015eara ba\u015fkanl\u0131\u011f\u0131nda kapsay\u0131c\u0131l\u0131\u011fa olan sars\u0131lmaz ba\u011fl\u0131l\u0131\u011f\u0131 ile Mazlum Abdi liderli\u011findeki Demokratik Suriye G\u00fc\u00e7leri\u2019nin \u00e7abalar\u0131, Suriye\u2019nin istikrar\u0131 i\u00e7in merkezi &hellip;<\/p>\n","protected":false},"author":36,"featured_media":326698,"comment_status":"closed","ping_status":"closed","sticky":false,"template":"","format":"standard","meta":{"footnotes":""},"categories":[458,589,459,17988],"tags":[44126],"class_list":["post-326697","post","type-post","status-publish","format-standard","has-post-thumbnail","","category-dunya1","category-haber-seridi","category-haberler-arap-uluslararasi-politika","category-son-haberler","tag-barrack"],"_links":{"self":[{"href":"https:\/\/archive.sana.sy\/tr\/index.php?rest_route=\/wp\/v2\/posts\/326697","targetHints":{"allow":["GET"]}}],"collection":[{"href":"https:\/\/archive.sana.sy\/tr\/index.php?rest_route=\/wp\/v2\/posts"}],"about":[{"href":"https:\/\/archive.sana.sy\/tr\/index.php?rest_route=\/wp\/v2\/types\/post"}],"author":[{"embeddable":true,"href":"https:\/\/archive.sana.sy\/tr\/index.php?rest_route=\/wp\/v2\/users\/36"}],"replies":[{"embeddable":true,"href":"https:\/\/archive.sana.sy\/tr\/index.php?rest_route=%2Fwp%2Fv2%2Fcomments&post=326697"}],"version-history":[{"count":1,"href":"https:\/\/archive.sana.sy\/tr\/index.php?rest_route=\/wp\/v2\/posts\/326697\/revisions"}],"predecessor-version":[{"id":326699,"href":"https:\/\/archive.sana.sy\/tr\/index.php?rest_route=\/wp\/v2\/posts\/326697\/revisions\/326699"}],"wp:featuredmedia":[{"embeddable":true,"href":"https:\/\/archive.sana.sy\/tr\/index.php?rest_route=\/wp\/v2\/media\/326698"}],"wp:attachment":[{"href":"https:\/\/archive.sana.sy\/tr\/index.php?rest_route=%2Fwp%2Fv2%2Fmedia&parent=326697"}],"wp:term":[{"taxonomy":"category","embeddable":true,"href":"https:\/\/archive.sana.sy\/tr\/index.php?rest_route=%2Fwp%2Fv2%2Fcategories&post=326697"},{"taxonomy":"post_tag","embeddable":true,"href":"https:\/\/archive.sana.sy\/tr\/index.php?rest_route=%2Fwp%2Fv2%2Ftags&post=326697"}],"curies":[{"name":"wp","href":"https:\/\/api.w.org\/{rel}","templated":true}]}}