{"id":326700,"date":"2025-07-29T19:35:15","date_gmt":"2025-07-29T16:35:15","guid":{"rendered":"https:\/\/sana.sy\/tr\/?p=326700"},"modified":"2025-07-29T19:44:55","modified_gmt":"2025-07-29T16:44:55","slug":"pakistanin-bm-daimi-temsilcisi-israilin-suriyeye-yonelik-hava-saldirilari-uluslararasi-hukukun-acik-ihlalidir","status":"publish","type":"post","link":"https:\/\/archive.sana.sy\/tr\/?p=326700","title":{"rendered":"Pakistan\u2019\u0131n BM Daim\u00ee Temsilcisi: \u0130srail\u2019in Suriye\u2019ye Y\u00f6nelik Hava Sald\u0131r\u0131lar\u0131 Uluslararas\u0131 Hukukun A\u00e7\u0131k \u0130hlalidir"},"content":{"rendered":"<p style=\"text-align: justify;\" data-start=\"180\" data-end=\"438\"><span style=\"color: #ff0000;\"><strong>NEW YORK (SANA)<\/strong> <\/span>&#8211; Pakistan\u2019\u0131n Birle\u015fmi\u015f Milletler Daim\u00ee Temsilcisi Asem \u0130ftikhar Ahmed, \u0130srail\u2019in Suriye topraklar\u0131na y\u00f6nelik tekrarlanan sald\u0131r\u0131lar\u0131na ili\u015fkin \u00fclkesinin derin kayg\u0131 duydu\u011funu belirterek, bu sald\u0131r\u0131lar\u0131n uluslararas\u0131 hukukun a\u00e7\u0131k bir ihlali oldu\u011funu vurgulad\u0131.<\/p>\n<p style=\"text-align: justify;\" data-start=\"440\" data-end=\"672\">Pakistan\u2019\u0131n BM Daim\u00ee Temsilcili\u011fi&#8217;nin X (eski ad\u0131yla Twitter) platformundaki resm\u00ee hesab\u0131nda yer alan a\u00e7\u0131klamaya g\u00f6re, Ahmed bu ifadeleri d\u00fcn d\u00fczenlenen Birle\u015fmi\u015f Milletler G\u00fcvenlik Konseyi oturumunda yapt\u0131\u011f\u0131 konu\u015fmada dile getirdi.<\/p>\n<p style=\"text-align: justify;\" data-start=\"674\" data-end=\"881\">Ahmed, \u0130srail\u2019in son olarak Dera, S\u00fcveyda ve \u015eam\u2019a y\u00f6nelik d\u00fczenledi\u011fi hava sald\u0131r\u0131lar\u0131n\u0131n, hem uluslararas\u0131 hukuk hem de Birle\u015fmi\u015f Milletler Antla\u015fmas\u0131\u2019n\u0131n a\u00e7\u0131k \u015fekilde ihlali anlam\u0131na geldi\u011fini ifade etti.<\/p>\n<p style=\"text-align: justify;\" data-start=\"883\" data-end=\"1172\">Bu t\u00fcr eylemlerin b\u00f6lgesel istikrar\u0131 zedeledi\u011fine ve Suriye\u2019nin toparlanma s\u00fcrecini sekteye u\u011fratt\u0131\u011f\u0131na dikkat \u00e7eken Ahmed, BM G\u00fcvenlik Konseyi\u2019nin ilgili kararlar\u0131na ve 1974 tarihli Suriye&#8217;nin Golan b\u00f6lgesine ili\u015fkin Ate\u015fkes Anla\u015fmas\u0131&#8217;na tam sayg\u0131 g\u00f6sterilmesinin gereklili\u011fini vurgulad\u0131.<\/p>\n<p>&nbsp;<\/p>\n","protected":false},"excerpt":{"rendered":"<p>NEW YORK (SANA) &#8211; Pakistan\u2019\u0131n Birle\u015fmi\u015f Milletler Daim\u00ee Temsilcisi Asem \u0130ftikhar Ahmed, \u0130srail\u2019in Suriye topraklar\u0131na y\u00f6nelik tekrarlanan sald\u0131r\u0131lar\u0131na ili\u015fkin \u00fclkesinin derin kayg\u0131 duydu\u011funu belirterek, bu sald\u0131r\u0131lar\u0131n uluslararas\u0131 hukukun a\u00e7\u0131k bir ihlali oldu\u011funu vurgulad\u0131. Pakistan\u2019\u0131n BM Daim\u00ee Temsilcili\u011fi&#8217;nin X (eski ad\u0131yla Twitter) platformundaki resm\u00ee hesab\u0131nda yer alan a\u00e7\u0131klamaya g\u00f6re, Ahmed bu ifadeleri d\u00fcn d\u00fczenlenen Birle\u015fmi\u015f Milletler &hellip;<\/p>\n","protected":false},"author":36,"featured_media":326701,"comment_status":"closed","ping_status":"closed","sticky":false,"template":"","format":"standard","meta":{"footnotes":""},"categories":[458,589,459,17988],"tags":[44127],"class_list":["post-326700","post","type-post","status-publish","format-standard","has-post-thumbnail","","category-dunya1","category-haber-seridi","category-haberler-arap-uluslararasi-politika","category-son-haberler","tag-pakistanin-bm-daimi-temsilcisi-israilin-suriyeye-yonelik-hava-saldirilari-uluslararasi-hukukun-acik-ihlalidir"],"_links":{"self":[{"href":"https:\/\/archive.sana.sy\/tr\/index.php?rest_route=\/wp\/v2\/posts\/326700","targetHints":{"allow":["GET"]}}],"collection":[{"href":"https:\/\/archive.sana.sy\/tr\/index.php?rest_route=\/wp\/v2\/posts"}],"about":[{"href":"https:\/\/archive.sana.sy\/tr\/index.php?rest_route=\/wp\/v2\/types\/post"}],"author":[{"embeddable":true,"href":"https:\/\/archive.sana.sy\/tr\/index.php?rest_route=\/wp\/v2\/users\/36"}],"replies":[{"embeddable":true,"href":"https:\/\/archive.sana.sy\/tr\/index.php?rest_route=%2Fwp%2Fv2%2Fcomments&post=326700"}],"version-history":[{"count":1,"href":"https:\/\/archive.sana.sy\/tr\/index.php?rest_route=\/wp\/v2\/posts\/326700\/revisions"}],"predecessor-version":[{"id":326702,"href":"https:\/\/archive.sana.sy\/tr\/index.php?rest_route=\/wp\/v2\/posts\/326700\/revisions\/326702"}],"wp:featuredmedia":[{"embeddable":true,"href":"https:\/\/archive.sana.sy\/tr\/index.php?rest_route=\/wp\/v2\/media\/326701"}],"wp:attachment":[{"href":"https:\/\/archive.sana.sy\/tr\/index.php?rest_route=%2Fwp%2Fv2%2Fmedia&parent=326700"}],"wp:term":[{"taxonomy":"category","embeddable":true,"href":"https:\/\/archive.sana.sy\/tr\/index.php?rest_route=%2Fwp%2Fv2%2Fcategories&post=326700"},{"taxonomy":"post_tag","embeddable":true,"href":"https:\/\/archive.sana.sy\/tr\/index.php?rest_route=%2Fwp%2Fv2%2Ftags&post=326700"}],"curies":[{"name":"wp","href":"https:\/\/api.w.org\/{rel}","templated":true}]}}