{"id":326703,"date":"2025-07-29T21:34:29","date_gmt":"2025-07-29T18:34:29","guid":{"rendered":"https:\/\/sana.sy\/tr\/?p=326703"},"modified":"2025-07-31T12:03:02","modified_gmt":"2025-07-31T09:03:02","slug":"disisleri-ve-gurbetciler-bakani-cinin-suriye-buyukelcisini-ikili-is-birliginin-guclendirilmesini-gorusmek-uzere-kabul-etti","status":"publish","type":"post","link":"https:\/\/archive.sana.sy\/tr\/?p=326703","title":{"rendered":"D\u0131\u015fi\u015fleri ve Gurbet\u00e7iler Bakan\u0131, \u00c7in\u2019in Suriye B\u00fcy\u00fckel\u00e7isini \u0130kili \u0130\u015f Birli\u011finin G\u00fc\u00e7lendirilmesini G\u00f6r\u00fc\u015fmek \u00dczere Kabul Etti"},"content":{"rendered":"<p style=\"text-align: justify;\"><span style=\"color: #ff0000;\"><strong>\u015eAM (SANA) &#8211;<\/strong> <\/span>D\u0131\u015fi\u015fleri ve Gurbet\u00e7iler Bakan\u0131 Asaad Hasan El \u015eeybani, \u015eam&#8217;da \u00c7in Halk Cumhuriyeti&#8217;nin Suriye B\u00fcy\u00fckel\u00e7isi Shi Hongwei\u2019yi kabul etti.<\/p>\n<p style=\"text-align: justify;\">G\u00f6r\u00fc\u015fmede, iki \u00fclke aras\u0131nda \u00e7e\u015fitli alanlarda i\u015f birli\u011finin g\u00fc\u00e7lendirilmesi yollar\u0131 ele al\u0131nd\u0131. \u00c7in B\u00fcy\u00fckel\u00e7isi, \u00fclkesinin Suriye&#8217;nin egemenli\u011fi ve toprak b\u00fct\u00fcnl\u00fc\u011f\u00fcn\u00fc destekleme konusundaki kararl\u0131l\u0131\u011f\u0131n\u0131 vurgulad\u0131 ve \u00c7in&#8217;in Suriye topraklar\u0131na y\u00f6nelik \u0130srail sald\u0131r\u0131lar\u0131n\u0131 k\u0131nad\u0131\u011f\u0131n\u0131 yineledi.<\/p>\n","protected":false},"excerpt":{"rendered":"<p>\u015eAM (SANA) &#8211; D\u0131\u015fi\u015fleri ve Gurbet\u00e7iler Bakan\u0131 Asaad Hasan El \u015eeybani, \u015eam&#8217;da \u00c7in Halk Cumhuriyeti&#8217;nin Suriye B\u00fcy\u00fckel\u00e7isi Shi Hongwei\u2019yi kabul etti. G\u00f6r\u00fc\u015fmede, iki \u00fclke aras\u0131nda \u00e7e\u015fitli alanlarda i\u015f birli\u011finin g\u00fc\u00e7lendirilmesi yollar\u0131 ele al\u0131nd\u0131. \u00c7in B\u00fcy\u00fckel\u00e7isi, \u00fclkesinin Suriye&#8217;nin egemenli\u011fi ve toprak b\u00fct\u00fcnl\u00fc\u011f\u00fcn\u00fc destekleme konusundaki kararl\u0131l\u0131\u011f\u0131n\u0131 vurgulad\u0131 ve \u00c7in&#8217;in Suriye topraklar\u0131na y\u00f6nelik \u0130srail sald\u0131r\u0131lar\u0131n\u0131 k\u0131nad\u0131\u011f\u0131n\u0131 yineledi.<\/p>\n","protected":false},"author":41,"featured_media":326704,"comment_status":"closed","ping_status":"closed","sticky":false,"template":"","format":"standard","meta":{"footnotes":""},"categories":[479,17988,478],"tags":[],"class_list":["post-326703","post","type-post","status-publish","format-standard","has-post-thumbnail","","category-haberler-yerel","category-son-haberler","category-yerel"],"_links":{"self":[{"href":"https:\/\/archive.sana.sy\/tr\/index.php?rest_route=\/wp\/v2\/posts\/326703","targetHints":{"allow":["GET"]}}],"collection":[{"href":"https:\/\/archive.sana.sy\/tr\/index.php?rest_route=\/wp\/v2\/posts"}],"about":[{"href":"https:\/\/archive.sana.sy\/tr\/index.php?rest_route=\/wp\/v2\/types\/post"}],"author":[{"embeddable":true,"href":"https:\/\/archive.sana.sy\/tr\/index.php?rest_route=\/wp\/v2\/users\/41"}],"replies":[{"embeddable":true,"href":"https:\/\/archive.sana.sy\/tr\/index.php?rest_route=%2Fwp%2Fv2%2Fcomments&post=326703"}],"version-history":[{"count":1,"href":"https:\/\/archive.sana.sy\/tr\/index.php?rest_route=\/wp\/v2\/posts\/326703\/revisions"}],"predecessor-version":[{"id":326705,"href":"https:\/\/archive.sana.sy\/tr\/index.php?rest_route=\/wp\/v2\/posts\/326703\/revisions\/326705"}],"wp:featuredmedia":[{"embeddable":true,"href":"https:\/\/archive.sana.sy\/tr\/index.php?rest_route=\/wp\/v2\/media\/326704"}],"wp:attachment":[{"href":"https:\/\/archive.sana.sy\/tr\/index.php?rest_route=%2Fwp%2Fv2%2Fmedia&parent=326703"}],"wp:term":[{"taxonomy":"category","embeddable":true,"href":"https:\/\/archive.sana.sy\/tr\/index.php?rest_route=%2Fwp%2Fv2%2Fcategories&post=326703"},{"taxonomy":"post_tag","embeddable":true,"href":"https:\/\/archive.sana.sy\/tr\/index.php?rest_route=%2Fwp%2Fv2%2Ftags&post=326703"}],"curies":[{"name":"wp","href":"https:\/\/api.w.org\/{rel}","templated":true}]}}