{"id":326707,"date":"2025-07-29T21:55:49","date_gmt":"2025-07-29T18:55:49","guid":{"rendered":"https:\/\/sana.sy\/tr\/?p=326707"},"modified":"2025-07-29T21:55:49","modified_gmt":"2025-07-29T18:55:49","slug":"dohada-suriye-katar-denetim-is-birligi-gorusmeleri-gerceklesti","status":"publish","type":"post","link":"https:\/\/archive.sana.sy\/tr\/?p=326707","title":{"rendered":"Doha\u2019da Suriye-Katar Denetim \u0130\u015f Birli\u011fi G\u00f6r\u00fc\u015fmeleri Ger\u00e7ekle\u015fti"},"content":{"rendered":"<p style=\"text-align: justify;\"><span style=\"color: #ff0000;\"><strong>DOHA (SANA) &#8211;<\/strong><\/span> Suriye Merkezi Mali Denetim Kurumu heyeti, Katar\u2019\u0131n ba\u015fkenti Doha\u2019da Katar Say\u0131\u015ftay\u0131 ile bir araya gelerek iki \u00fclkenin denetim kurumlar\u0131 aras\u0131nda i\u015f birli\u011finin g\u00fc\u00e7lendirilmesi ve tecr\u00fcbe payla\u015f\u0131m\u0131 konular\u0131n\u0131 ele ald\u0131.<\/p>\n<p style=\"text-align: justify;\">Suriyeli heyet, Merkezi Mali Denetim Kurumu Ba\u015fkan Yard\u0131mc\u0131s\u0131 Vesim El Mansur ba\u015fkanl\u0131\u011f\u0131nda, Katar Say\u0131\u015ftay\u0131 Ba\u015fkan Yard\u0131mc\u0131s\u0131 Casim Abdulaziz Al Munai liderli\u011findeki heyet ile resmi toplant\u0131lar ger\u00e7ekle\u015ftirdi. G\u00f6r\u00fc\u015fmelerde denetim \u00e7al\u0131\u015fmalar\u0131n\u0131n geli\u015ftirilmesi ve bilgi al\u0131\u015fveri\u015fi perspektifleri de\u011ferlendirildi.\u00a0 <img loading=\"lazy\" decoding=\"async\" class=\"size-full wp-image-326708 alignright\" src=\"http:\/\/sana.sy\/tr\/wp-content\/uploads\/2025\/07\/IMG_20250729_195201_279-300x190-1.jpg\" alt=\"\" width=\"300\" height=\"190\" \/><\/p>\n<p style=\"text-align: justify;\">El Mansur, Suriye\u2019deki Merkezi Mali Denetim Kurumu\u2019nun \u00e7al\u0131\u015fmalar\u0131 hakk\u0131nda bir sunum yaparak, \u00f6zellikle dijital altyap\u0131n\u0131n yetersizli\u011fi ve uzman teknik personel eksikli\u011fi gibi mevcut ba\u015fl\u0131ca zorluklara de\u011findi.<\/p>\n<p style=\"text-align: justify;\">Suriye heyeti, Katar Say\u0131\u015ftay\u0131\u2019n\u0131n dijital d\u00f6n\u00fc\u015f\u00fcmle denetim ara\u00e7 ve y\u00f6ntemlerini geli\u015ftirme \u00e7abalar\u0131, \u00f6nleyici denetim uygulamalar\u0131, bilgi teknolojilerinin denetim analizlerini desteklemedeki rol\u00fc ve modern veri tabanlar\u0131n\u0131n olu\u015fturulmas\u0131 gibi \u00e7e\u015fitli alanlardaki tecr\u00fcbelerini inceledi.<\/p>\n<p style=\"text-align: justify;\">Taraflar, e\u011fitim, nitelikli personel yeti\u015ftirme ve tecr\u00fcbe payla\u015f\u0131m\u0131 alanlar\u0131nda i\u015f birli\u011fi imk\u00e2nlar\u0131n\u0131 g\u00f6r\u00fc\u015ferek, denetim kapasitesinin geli\u015ftirilmesine katk\u0131 sa\u011flama konusundaki kararl\u0131l\u0131klar\u0131n\u0131 ortaya koydu.<\/p>\n<p style=\"text-align: justify;\">Toplant\u0131lar\u0131n sonunda, Merkezi Mali Denetim Kurumu Ba\u015fkan Yard\u0131mc\u0131s\u0131 El Mansur, bu ziyaretin yap\u0131c\u0131 bir denetim ortakl\u0131\u011f\u0131na do\u011fru \u00f6nemli bir ad\u0131m te\u015fkil etti\u011fini ve her iki \u00fclkede \u015feffafl\u0131k ile kurumsal hesap verebilirli\u011fin g\u00fc\u00e7lendirilmesi i\u00e7in geni\u015f ufuklar a\u00e7t\u0131\u011f\u0131n\u0131 ifade etti.<\/p>\n<p style=\"text-align: justify;\">Katar Say\u0131\u015ftay\u0131 Ba\u015fkan\u0131 Abd\u00fclaziz bin Muhammed El \u0130madi ise, bu ziyaretin iki \u00fclkenin denetim kurumlar\u0131 aras\u0131ndaki ili\u015fkilerin peki\u015ftirilmesi a\u00e7\u0131s\u0131ndan ta\u015f\u0131d\u0131\u011f\u0131 \u00f6neme dikkat \u00e7ekti.<\/p>\n<div id='gallery-1' class='gallery galleryid-326707 gallery-columns-2 gallery-size-medium'><figure class='gallery-item'>\n\t\t\t<div class='gallery-icon landscape'>\n\t\t\t\t<a href='https:\/\/archive.sana.sy\/tr\/?attachment_id=326709'><img loading=\"lazy\" decoding=\"async\" width=\"300\" height=\"200\" src=\"https:\/\/archive.sana.sy\/tr\/wp-content\/uploads\/2025\/07\/IMG_20250729_195201_609-1536x1024-1-300x200.jpg\" class=\"attachment-medium size-medium\" alt=\"\" srcset=\"https:\/\/archive.sana.sy\/tr\/wp-content\/uploads\/2025\/07\/IMG_20250729_195201_609-1536x1024-1-300x200.jpg 300w, https:\/\/archive.sana.sy\/tr\/wp-content\/uploads\/2025\/07\/IMG_20250729_195201_609-1536x1024-1-1024x683.jpg 1024w, https:\/\/archive.sana.sy\/tr\/wp-content\/uploads\/2025\/07\/IMG_20250729_195201_609-1536x1024-1-768x512.jpg 768w, https:\/\/archive.sana.sy\/tr\/wp-content\/uploads\/2025\/07\/IMG_20250729_195201_609-1536x1024-1.jpg 1536w\" sizes=\"auto, (max-width: 300px) 100vw, 300px\" \/><\/a>\n\t\t\t<\/div><\/figure><figure class='gallery-item'>\n\t\t\t<div class='gallery-icon landscape'>\n\t\t\t\t<a href='https:\/\/archive.sana.sy\/tr\/?attachment_id=326710'><img loading=\"lazy\" decoding=\"async\" width=\"300\" height=\"199\" src=\"https:\/\/archive.sana.sy\/tr\/wp-content\/uploads\/2025\/07\/IMG_20250729_195201_273-1536x1017-1-300x199.jpg\" class=\"attachment-medium size-medium\" alt=\"\" srcset=\"https:\/\/archive.sana.sy\/tr\/wp-content\/uploads\/2025\/07\/IMG_20250729_195201_273-1536x1017-1-300x199.jpg 300w, https:\/\/archive.sana.sy\/tr\/wp-content\/uploads\/2025\/07\/IMG_20250729_195201_273-1536x1017-1-1024x678.jpg 1024w, https:\/\/archive.sana.sy\/tr\/wp-content\/uploads\/2025\/07\/IMG_20250729_195201_273-1536x1017-1-768x509.jpg 768w, https:\/\/archive.sana.sy\/tr\/wp-content\/uploads\/2025\/07\/IMG_20250729_195201_273-1536x1017-1-310x205.jpg 310w, https:\/\/archive.sana.sy\/tr\/wp-content\/uploads\/2025\/07\/IMG_20250729_195201_273-1536x1017-1.jpg 1536w\" sizes=\"auto, (max-width: 300px) 100vw, 300px\" \/><\/a>\n\t\t\t<\/div><\/figure>\n\t\t<\/div>\n\n","protected":false},"excerpt":{"rendered":"<p>DOHA (SANA) &#8211; Suriye Merkezi Mali Denetim Kurumu heyeti, Katar\u2019\u0131n ba\u015fkenti Doha\u2019da Katar Say\u0131\u015ftay\u0131 ile bir araya gelerek iki \u00fclkenin denetim kurumlar\u0131 aras\u0131nda i\u015f birli\u011finin g\u00fc\u00e7lendirilmesi ve tecr\u00fcbe payla\u015f\u0131m\u0131 konular\u0131n\u0131 ele ald\u0131. Suriyeli heyet, Merkezi Mali Denetim Kurumu Ba\u015fkan Yard\u0131mc\u0131s\u0131 Vesim El Mansur ba\u015fkanl\u0131\u011f\u0131nda, Katar Say\u0131\u015ftay\u0131 Ba\u015fkan Yard\u0131mc\u0131s\u0131 Casim Abdulaziz Al Munai liderli\u011findeki heyet ile &hellip;<\/p>\n","protected":false},"author":41,"featured_media":326711,"comment_status":"closed","ping_status":"closed","sticky":false,"template":"","format":"standard","meta":{"footnotes":""},"categories":[458,485,459,17988],"tags":[],"class_list":["post-326707","post","type-post","status-publish","format-standard","has-post-thumbnail","","category-dunya1","category-is-ve-sermaye","category-haberler-arap-uluslararasi-politika","category-son-haberler"],"_links":{"self":[{"href":"https:\/\/archive.sana.sy\/tr\/index.php?rest_route=\/wp\/v2\/posts\/326707","targetHints":{"allow":["GET"]}}],"collection":[{"href":"https:\/\/archive.sana.sy\/tr\/index.php?rest_route=\/wp\/v2\/posts"}],"about":[{"href":"https:\/\/archive.sana.sy\/tr\/index.php?rest_route=\/wp\/v2\/types\/post"}],"author":[{"embeddable":true,"href":"https:\/\/archive.sana.sy\/tr\/index.php?rest_route=\/wp\/v2\/users\/41"}],"replies":[{"embeddable":true,"href":"https:\/\/archive.sana.sy\/tr\/index.php?rest_route=%2Fwp%2Fv2%2Fcomments&post=326707"}],"version-history":[{"count":1,"href":"https:\/\/archive.sana.sy\/tr\/index.php?rest_route=\/wp\/v2\/posts\/326707\/revisions"}],"predecessor-version":[{"id":326712,"href":"https:\/\/archive.sana.sy\/tr\/index.php?rest_route=\/wp\/v2\/posts\/326707\/revisions\/326712"}],"wp:featuredmedia":[{"embeddable":true,"href":"https:\/\/archive.sana.sy\/tr\/index.php?rest_route=\/wp\/v2\/media\/326711"}],"wp:attachment":[{"href":"https:\/\/archive.sana.sy\/tr\/index.php?rest_route=%2Fwp%2Fv2%2Fmedia&parent=326707"}],"wp:term":[{"taxonomy":"category","embeddable":true,"href":"https:\/\/archive.sana.sy\/tr\/index.php?rest_route=%2Fwp%2Fv2%2Fcategories&post=326707"},{"taxonomy":"post_tag","embeddable":true,"href":"https:\/\/archive.sana.sy\/tr\/index.php?rest_route=%2Fwp%2Fv2%2Ftags&post=326707"}],"curies":[{"name":"wp","href":"https:\/\/api.w.org\/{rel}","templated":true}]}}