{"id":326713,"date":"2025-07-30T10:26:39","date_gmt":"2025-07-30T07:26:39","guid":{"rendered":"https:\/\/sana.sy\/tr\/?p=326713"},"modified":"2025-07-30T15:08:14","modified_gmt":"2025-07-30T12:08:14","slug":"erdogan-israilin-teroru-filistin-halkini-suc-isleyerek-olduruyor","status":"publish","type":"post","link":"https:\/\/archive.sana.sy\/tr\/?p=326713","title":{"rendered":"Erdo\u011fan: \u0130srail\u2019in Ter\u00f6r\u00fc Filistin Halk\u0131n\u0131 Su\u00e7 \u0130\u015fleyerek \u00d6ld\u00fcr\u00fcyor"},"content":{"rendered":"<p style=\"text-align: justify;\"><strong><span style=\"color: #ff0000;\">ANKARA (SANA)<\/span> &#8211; <\/strong>T\u00fcrkiye Cumhurba\u015fkan\u0131 Recep Tayyip Erdo\u011fan, \u0130srail\u2019in a\u00e7l\u0131\u011f\u0131 Filistinlilere kar\u015f\u0131 bir silah olarak kullanmas\u0131n\u0131n ter\u00f6r ve su\u00e7 uygulamalar\u0131n\u0131n bir kan\u0131t\u0131 oldu\u011funu vurgulad\u0131.<\/p>\n<p style=\"text-align: justify;\">T\u00fcrk Ajans\u0131 Anadolu&#8217;nun aktard\u0131\u011f\u0131na g\u00f6re, Erdo\u011fan, Kazakistan Cumhurba\u015fkan\u0131 Kas\u0131m C\u00f6mert Tokayev ile Ankara\u2019da d\u00fczenlenen ortak bas\u0131n toplant\u0131s\u0131nda, \u0130srail ter\u00f6r\u00fcn\u00fcn 22 ayd\u0131r Filistin halk\u0131n\u0131 su\u00e7 i\u015fleyerek ve vah\u015fetle \u00f6ld\u00fcrd\u00fc\u011f\u00fcn\u00fc, Gazze \u015eeridi\u2019nde soyk\u0131r\u0131m ger\u00e7ekle\u015ftirdi\u011fini ve d\u00fcnyan\u0131n Filistin halk\u0131n\u0131n a\u00e7l\u0131k ve susuzluktan \u00f6lmesine kar\u015f\u0131 sessiz kalmas\u0131n\u0131 k\u0131nad\u0131\u011f\u0131n\u0131 belirtti.<\/p>\n<p style=\"text-align: justify;\">Erdo\u011fan ayr\u0131ca, \u201cGazze\u2019de insani durum felaket boyutunda. Masum \u00e7ocuklar ya a\u00e7l\u0131ktan ya da i\u015fgalci \u0130srail g\u00fc\u00e7lerinin silahlar\u0131ndan \u00e7\u0131kan kur\u015funlardan \u00f6l\u00fcyor,\u201d diyerek, \u201c\u0130srail\u2019in a\u00e7l\u0131\u011f\u0131 Filistinlilere kar\u015f\u0131 silah olarak kullanmas\u0131, insani duygulardan tamamen yoksun oldu\u011funun en a\u00e7\u0131k g\u00f6stergesidir\u201d ifadelerini kulland\u0131.<\/p>\n<p style=\"text-align: justify;\">Cumhurba\u015fkan\u0131 Erdo\u011fan, vicdan sahibi devletler ve halklar\u0131 \u0130srail vah\u015fetine kar\u015f\u0131 seslerini daha g\u00fc\u00e7l\u00fc \u00e7\u0131karmaya \u00e7a\u011f\u0131rd\u0131.<\/p>\n<p style=\"text-align: justify;\">\n","protected":false},"excerpt":{"rendered":"<p>ANKARA (SANA) &#8211; T\u00fcrkiye Cumhurba\u015fkan\u0131 Recep Tayyip Erdo\u011fan, \u0130srail\u2019in a\u00e7l\u0131\u011f\u0131 Filistinlilere kar\u015f\u0131 bir silah olarak kullanmas\u0131n\u0131n ter\u00f6r ve su\u00e7 uygulamalar\u0131n\u0131n bir kan\u0131t\u0131 oldu\u011funu vurgulad\u0131. T\u00fcrk Ajans\u0131 Anadolu&#8217;nun aktard\u0131\u011f\u0131na g\u00f6re, Erdo\u011fan, Kazakistan Cumhurba\u015fkan\u0131 Kas\u0131m C\u00f6mert Tokayev ile Ankara\u2019da d\u00fczenlenen ortak bas\u0131n toplant\u0131s\u0131nda, \u0130srail ter\u00f6r\u00fcn\u00fcn 22 ayd\u0131r Filistin halk\u0131n\u0131 su\u00e7 i\u015fleyerek ve vah\u015fetle \u00f6ld\u00fcrd\u00fc\u011f\u00fcn\u00fc, Gazze \u015eeridi\u2019nde soyk\u0131r\u0131m &hellip;<\/p>\n","protected":false},"author":39,"featured_media":326714,"comment_status":"closed","ping_status":"closed","sticky":false,"template":"","format":"standard","meta":{"footnotes":""},"categories":[458,589,459,17988],"tags":[],"class_list":["post-326713","post","type-post","status-publish","format-standard","has-post-thumbnail","","category-dunya1","category-haber-seridi","category-haberler-arap-uluslararasi-politika","category-son-haberler"],"_links":{"self":[{"href":"https:\/\/archive.sana.sy\/tr\/index.php?rest_route=\/wp\/v2\/posts\/326713","targetHints":{"allow":["GET"]}}],"collection":[{"href":"https:\/\/archive.sana.sy\/tr\/index.php?rest_route=\/wp\/v2\/posts"}],"about":[{"href":"https:\/\/archive.sana.sy\/tr\/index.php?rest_route=\/wp\/v2\/types\/post"}],"author":[{"embeddable":true,"href":"https:\/\/archive.sana.sy\/tr\/index.php?rest_route=\/wp\/v2\/users\/39"}],"replies":[{"embeddable":true,"href":"https:\/\/archive.sana.sy\/tr\/index.php?rest_route=%2Fwp%2Fv2%2Fcomments&post=326713"}],"version-history":[{"count":3,"href":"https:\/\/archive.sana.sy\/tr\/index.php?rest_route=\/wp\/v2\/posts\/326713\/revisions"}],"predecessor-version":[{"id":326769,"href":"https:\/\/archive.sana.sy\/tr\/index.php?rest_route=\/wp\/v2\/posts\/326713\/revisions\/326769"}],"wp:featuredmedia":[{"embeddable":true,"href":"https:\/\/archive.sana.sy\/tr\/index.php?rest_route=\/wp\/v2\/media\/326714"}],"wp:attachment":[{"href":"https:\/\/archive.sana.sy\/tr\/index.php?rest_route=%2Fwp%2Fv2%2Fmedia&parent=326713"}],"wp:term":[{"taxonomy":"category","embeddable":true,"href":"https:\/\/archive.sana.sy\/tr\/index.php?rest_route=%2Fwp%2Fv2%2Fcategories&post=326713"},{"taxonomy":"post_tag","embeddable":true,"href":"https:\/\/archive.sana.sy\/tr\/index.php?rest_route=%2Fwp%2Fv2%2Ftags&post=326713"}],"curies":[{"name":"wp","href":"https:\/\/api.w.org\/{rel}","templated":true}]}}