{"id":326716,"date":"2025-07-30T10:56:27","date_gmt":"2025-07-30T07:56:27","guid":{"rendered":"https:\/\/sana.sy\/tr\/?p=326716"},"modified":"2025-07-30T18:48:26","modified_gmt":"2025-07-30T15:48:26","slug":"irak-ve-suudi-arabistan-suriyedeki-durumu-gorustu","status":"publish","type":"post","link":"https:\/\/archive.sana.sy\/tr\/?p=326716","title":{"rendered":"Irak ve Suudi Arabistan Suriye\u2019deki Durumu G\u00f6r\u00fc\u015ft\u00fc"},"content":{"rendered":"<p style=\"text-align: justify;\"><strong><span style=\"color: #ff0000;\">NEW YORK (SANA) <\/span>\u2013<\/strong> Irak D\u0131\u015fi\u015fleri Bakan\u0131 Fuad H\u00fcseyin, Suudi Arabistan D\u0131\u015fi\u015fleri Bakan\u0131 Faysal bin Farhan ile b\u00f6lgedeki durumu, \u00f6zellikle Suriye\u2019deki son geli\u015fmeleri ele ald\u0131.<\/p>\n<p style=\"text-align: justify;\">Irak Haber Ajans\u0131&#8217;na (INA) g\u00f6re, Irak D\u0131\u015fi\u015fleri Bakanl\u0131\u011f\u0131 taraf\u0131ndan yap\u0131lan a\u00e7\u0131klamada, iki taraf\u0131n Filistin sorunuyla ilgili uluslararas\u0131 konferans kapsam\u0131nda New York\u2019taki Birle\u015fmi\u015f Milletler Genel Merkezi\u2019nde genel b\u00f6lgesel durumu de\u011ferlendirdi\u011fi ve Suriye sahas\u0131ndaki son geli\u015fmeleri g\u00f6zden ge\u00e7irdi\u011fi belirtildi.<\/p>\n<p style=\"text-align: justify;\">A\u00e7\u0131klamada, iki taraf\u0131n \u201cSuriye\u2019deki durumdaki geli\u015fmeleri yak\u0131ndan takip etmeye devam etme\u201d gereklili\u011finde mutab\u0131k kald\u0131\u011f\u0131 ve \u201cb\u00f6lgede genel g\u00fcvenli\u011fi olumlu etkileyecek \u015fekilde siyasi ve g\u00fcvenlik istikrar\u0131n\u0131n sa\u011flanmas\u0131 \u00e7abalar\u0131n\u0131 destekleme konusundaki ortak kararl\u0131l\u0131klar\u0131n\u0131\u201d vurgulad\u0131\u011f\u0131 ifade edildi.<\/p>\n<p style=\"text-align: justify;\">\u0130lgili ba\u011flamda, iki taraf \u201cFilistin halk\u0131n\u0131 desteklemenin ve me\u015fru haklar\u0131na kavu\u015fmalar\u0131na yard\u0131mc\u0131 olman\u0131n \u00f6nemini\u201d de vurgulad\u0131.<\/p>\n<p style=\"text-align: justify;\">Bakan H\u00fcseyin, Suudi Arabistan\u2019\u0131n Filistin davas\u0131na verdi\u011fi destek ile b\u00f6lgedeki istikrar\u0131n g\u00fc\u00e7lendirilmesindeki merkezi rol\u00fcn\u00fc takdir etti ve b\u00f6lgedeki gerilimi azaltmaya y\u00f6nelik anlay\u0131\u015flara ula\u015fman\u0131n \u00f6nemine i\u015faret etti.<\/p>\n","protected":false},"excerpt":{"rendered":"<p>NEW YORK (SANA) \u2013 Irak D\u0131\u015fi\u015fleri Bakan\u0131 Fuad H\u00fcseyin, Suudi Arabistan D\u0131\u015fi\u015fleri Bakan\u0131 Faysal bin Farhan ile b\u00f6lgedeki durumu, \u00f6zellikle Suriye\u2019deki son geli\u015fmeleri ele ald\u0131. Irak Haber Ajans\u0131&#8217;na (INA) g\u00f6re, Irak D\u0131\u015fi\u015fleri Bakanl\u0131\u011f\u0131 taraf\u0131ndan yap\u0131lan a\u00e7\u0131klamada, iki taraf\u0131n Filistin sorunuyla ilgili uluslararas\u0131 konferans kapsam\u0131nda New York\u2019taki Birle\u015fmi\u015f Milletler Genel Merkezi\u2019nde genel b\u00f6lgesel durumu de\u011ferlendirdi\u011fi ve &hellip;<\/p>\n","protected":false},"author":39,"featured_media":326717,"comment_status":"closed","ping_status":"closed","sticky":false,"template":"","format":"standard","meta":{"footnotes":""},"categories":[458,589,459,17988],"tags":[],"class_list":["post-326716","post","type-post","status-publish","format-standard","has-post-thumbnail","","category-dunya1","category-haber-seridi","category-haberler-arap-uluslararasi-politika","category-son-haberler"],"_links":{"self":[{"href":"https:\/\/archive.sana.sy\/tr\/index.php?rest_route=\/wp\/v2\/posts\/326716","targetHints":{"allow":["GET"]}}],"collection":[{"href":"https:\/\/archive.sana.sy\/tr\/index.php?rest_route=\/wp\/v2\/posts"}],"about":[{"href":"https:\/\/archive.sana.sy\/tr\/index.php?rest_route=\/wp\/v2\/types\/post"}],"author":[{"embeddable":true,"href":"https:\/\/archive.sana.sy\/tr\/index.php?rest_route=\/wp\/v2\/users\/39"}],"replies":[{"embeddable":true,"href":"https:\/\/archive.sana.sy\/tr\/index.php?rest_route=%2Fwp%2Fv2%2Fcomments&post=326716"}],"version-history":[{"count":2,"href":"https:\/\/archive.sana.sy\/tr\/index.php?rest_route=\/wp\/v2\/posts\/326716\/revisions"}],"predecessor-version":[{"id":326791,"href":"https:\/\/archive.sana.sy\/tr\/index.php?rest_route=\/wp\/v2\/posts\/326716\/revisions\/326791"}],"wp:featuredmedia":[{"embeddable":true,"href":"https:\/\/archive.sana.sy\/tr\/index.php?rest_route=\/wp\/v2\/media\/326717"}],"wp:attachment":[{"href":"https:\/\/archive.sana.sy\/tr\/index.php?rest_route=%2Fwp%2Fv2%2Fmedia&parent=326716"}],"wp:term":[{"taxonomy":"category","embeddable":true,"href":"https:\/\/archive.sana.sy\/tr\/index.php?rest_route=%2Fwp%2Fv2%2Fcategories&post=326716"},{"taxonomy":"post_tag","embeddable":true,"href":"https:\/\/archive.sana.sy\/tr\/index.php?rest_route=%2Fwp%2Fv2%2Ftags&post=326716"}],"curies":[{"name":"wp","href":"https:\/\/api.w.org\/{rel}","templated":true}]}}