{"id":326719,"date":"2025-07-30T11:49:02","date_gmt":"2025-07-30T08:49:02","guid":{"rendered":"https:\/\/sana.sy\/tr\/?p=326719"},"modified":"2025-07-30T12:00:32","modified_gmt":"2025-07-30T09:00:32","slug":"icisleri-bakanligi-sozcusu-nureddin-el-babba-suriye-hukumetinin-suveyda-vilayetini-kusatma-altina-aldigi-yonundeki-iddialar-asilsiz-ve-yanilticidir-suriye-hukumeti-yerel-ve-uluslararasi-insani-yard","status":"publish","type":"post","link":"https:\/\/archive.sana.sy\/tr\/?p=326719","title":{"rendered":"\u0130\u00e7i\u015fleri Bakanl\u0131\u011f\u0131 S\u00f6zc\u00fcs\u00fc N\u00fcreddin El Babba: Suriye h\u00fck\u00fcmetinin S\u00fcveyda vilayetini ku\u015fatma alt\u0131na ald\u0131\u011f\u0131 y\u00f6n\u00fcndeki iddialar as\u0131ls\u0131z ve yan\u0131lt\u0131c\u0131d\u0131r. Suriye h\u00fck\u00fcmeti, yerel ve uluslararas\u0131 insani yard\u0131m kurulu\u015flar\u0131yla i\u015f birli\u011fi yaparak, ildeki sivillere yard\u0131m ula\u015ft\u0131rmak ve yasad\u0131\u015f\u0131 gruplar\u0131n kontrol\u00fcndeki b\u00f6lgelerden ayr\u0131lmak isteyenlerin ge\u00e7ici \u00e7\u0131k\u0131\u015f\u0131n\u0131 kolayla\u015ft\u0131rmak amac\u0131yla insani koridorlar a\u00e7t\u0131."},"content":{"rendered":"","protected":false},"excerpt":{"rendered":"","protected":false},"author":39,"featured_media":0,"comment_status":"closed","ping_status":"closed","sticky":false,"template":"","format":"standard","meta":{"footnotes":""},"categories":[1],"tags":[],"class_list":["post-326719","post","type-post","status-publish","format-standard","","category-news-not-sorted"],"_links":{"self":[{"href":"https:\/\/archive.sana.sy\/tr\/index.php?rest_route=\/wp\/v2\/posts\/326719","targetHints":{"allow":["GET"]}}],"collection":[{"href":"https:\/\/archive.sana.sy\/tr\/index.php?rest_route=\/wp\/v2\/posts"}],"about":[{"href":"https:\/\/archive.sana.sy\/tr\/index.php?rest_route=\/wp\/v2\/types\/post"}],"author":[{"embeddable":true,"href":"https:\/\/archive.sana.sy\/tr\/index.php?rest_route=\/wp\/v2\/users\/39"}],"replies":[{"embeddable":true,"href":"https:\/\/archive.sana.sy\/tr\/index.php?rest_route=%2Fwp%2Fv2%2Fcomments&post=326719"}],"version-history":[{"count":1,"href":"https:\/\/archive.sana.sy\/tr\/index.php?rest_route=\/wp\/v2\/posts\/326719\/revisions"}],"predecessor-version":[{"id":326720,"href":"https:\/\/archive.sana.sy\/tr\/index.php?rest_route=\/wp\/v2\/posts\/326719\/revisions\/326720"}],"wp:attachment":[{"href":"https:\/\/archive.sana.sy\/tr\/index.php?rest_route=%2Fwp%2Fv2%2Fmedia&parent=326719"}],"wp:term":[{"taxonomy":"category","embeddable":true,"href":"https:\/\/archive.sana.sy\/tr\/index.php?rest_route=%2Fwp%2Fv2%2Fcategories&post=326719"},{"taxonomy":"post_tag","embeddable":true,"href":"https:\/\/archive.sana.sy\/tr\/index.php?rest_route=%2Fwp%2Fv2%2Ftags&post=326719"}],"curies":[{"name":"wp","href":"https:\/\/api.w.org\/{rel}","templated":true}]}}