{"id":32675,"date":"2015-05-10T09:09:47","date_gmt":"2015-05-10T06:09:47","guid":{"rendered":"http:\/\/sana.sy\/tr\/?p=32675"},"modified":"2015-05-10T09:19:47","modified_gmt":"2015-05-10T06:19:47","slug":"cezayiri-hukumet-yerel-uretim-ve-ureticiyi-koruma-cabasinda-lazkiye-ekonomi-ve-dis-ticaret-bakani-humam-cezayiri-lazkiyede-bulunan-kara-ve-liman-serbest-ticaret-bolgelerinin-imal","status":"publish","type":"post","link":"https:\/\/archive.sana.sy\/tr\/?p=32675","title":{"rendered":"Cezayiri: H\u00fck\u00fcmet Yerel \u00dcretim ve \u00dcreticiyi Koruma \u00c7abas\u0131nda"},"content":{"rendered":"<p>LAZK\u0130YE \u2013 Ekonomi ve D\u0131\u015f Ticaret Bakan\u0131 Humam Cezayiri, Lazkiye\u2019de bulunan kara ve liman serbest ticaret b\u00f6lgelerinin, imalat, tekstil ve kimya end\u00fcstrilerini kapsayacak b\u00f6lgelere d\u00f6n\u00fc\u015ft\u00fcr\u00fclece\u011fini ifade etti.<\/p>\n<p>D\u00fcn Lazkiye\u2019de ekonomi akt\u00f6rleri ile bir araya gelen Cezayiri, bu s\u00fcre\u00e7te h\u00fck\u00fcmetin, yerel \u00fcretici ve \u00fcretim faaliyetlerinin koruma \u00e7abas\u0131nda oldu\u011funu dile getirerek bu \u00e7er\u00e7evede yerel piyasada alternatifi bulunan \u00fcr\u00fcnlerin ithalat\u0131na izin verilmedi\u011fini belirtti.<\/p>\n<p>Tar\u0131m ve hayvanc\u0131l\u0131k \u00fcr\u00fcnlerinin bu s\u00fcre\u00e7te ayr\u0131 bir \u00f6nem ta\u015f\u0131d\u0131\u011f\u0131na dikkat \u00e7eken Cezayiri, sahil b\u00f6lgelerinin tar\u0131m ve hayvanc\u0131l\u0131k alanlar\u0131nda geli\u015fmi\u015f olmas\u0131 nedeniyle buralarda tar\u0131m ve hayvanc\u0131l\u0131k faaliyetlerinin desteklenmesine ili\u015fkin projelerin uygulanmaya ba\u015flayaca\u011f\u0131n\u0131 belirtti.<\/p>\n<p>\u00d6te yandan toplant\u0131ya kat\u0131lan ekonomi akt\u00f6rleri, ulusal imkanlarla \u00fcretimi m\u00fcmk\u00fcn olan \u00fcr\u00fcnlerin ithal edilmesinin engellenmesinin \u00f6nemine de\u011finerek ithal \u00fcr\u00fcnlerin daha d\u00fc\u015f\u00fck maliyetle temin edilmesi nedeniyle ulusal \u00fcr\u00fcnlerin rekabet \u015fans\u0131 olmad\u0131\u011f\u0131n\u0131 belirttiler.<\/p>\n<div id='gallery-1' class='gallery galleryid-32675 gallery-columns-3 gallery-size-thumbnail'><figure class='gallery-item'>\n\t\t\t<div class='gallery-icon landscape'>\n\t\t\t\t<a href='https:\/\/archive.sana.sy\/tr\/wp-content\/uploads\/2015\/05\/Cezayiri-4.jpg'><img loading=\"lazy\" decoding=\"async\" width=\"150\" height=\"100\" src=\"https:\/\/archive.sana.sy\/tr\/wp-content\/uploads\/2015\/05\/Cezayiri-4-150x100.jpg\" class=\"attachment-thumbnail size-thumbnail\" alt=\"\" srcset=\"https:\/\/archive.sana.sy\/tr\/wp-content\/uploads\/2015\/05\/Cezayiri-4-150x100.jpg 150w, https:\/\/archive.sana.sy\/tr\/wp-content\/uploads\/2015\/05\/Cezayiri-4-300x200.jpg 300w, https:\/\/archive.sana.sy\/tr\/wp-content\/uploads\/2015\/05\/Cezayiri-4.jpg 500w\" sizes=\"auto, (max-width: 150px) 100vw, 150px\" \/><\/a>\n\t\t\t<\/div><\/figure><figure class='gallery-item'>\n\t\t\t<div class='gallery-icon landscape'>\n\t\t\t\t<a href='https:\/\/archive.sana.sy\/tr\/wp-content\/uploads\/2015\/05\/Cezayiri-2.jpg'><img loading=\"lazy\" decoding=\"async\" width=\"150\" height=\"100\" src=\"https:\/\/archive.sana.sy\/tr\/wp-content\/uploads\/2015\/05\/Cezayiri-2-150x100.jpg\" class=\"attachment-thumbnail size-thumbnail\" alt=\"\" srcset=\"https:\/\/archive.sana.sy\/tr\/wp-content\/uploads\/2015\/05\/Cezayiri-2-150x100.jpg 150w, https:\/\/archive.sana.sy\/tr\/wp-content\/uploads\/2015\/05\/Cezayiri-2-300x200.jpg 300w, https:\/\/archive.sana.sy\/tr\/wp-content\/uploads\/2015\/05\/Cezayiri-2.jpg 500w\" sizes=\"auto, (max-width: 150px) 100vw, 150px\" \/><\/a>\n\t\t\t<\/div><\/figure><figure class='gallery-item'>\n\t\t\t<div class='gallery-icon landscape'>\n\t\t\t\t<a href='https:\/\/archive.sana.sy\/tr\/wp-content\/uploads\/2015\/05\/Cezayiri-3.jpg'><img loading=\"lazy\" decoding=\"async\" width=\"150\" height=\"100\" src=\"https:\/\/archive.sana.sy\/tr\/wp-content\/uploads\/2015\/05\/Cezayiri-3-150x100.jpg\" class=\"attachment-thumbnail size-thumbnail\" alt=\"\" srcset=\"https:\/\/archive.sana.sy\/tr\/wp-content\/uploads\/2015\/05\/Cezayiri-3-150x100.jpg 150w, https:\/\/archive.sana.sy\/tr\/wp-content\/uploads\/2015\/05\/Cezayiri-3-300x200.jpg 300w, https:\/\/archive.sana.sy\/tr\/wp-content\/uploads\/2015\/05\/Cezayiri-3.jpg 500w\" sizes=\"auto, (max-width: 150px) 100vw, 150px\" \/><\/a>\n\t\t\t<\/div><\/figure>\n\t\t<\/div>\n\n<p>F.B. &#8211; R.H.<\/p>\n","protected":false},"excerpt":{"rendered":"<p>LAZK\u0130YE \u2013 Ekonomi ve D\u0131\u015f Ticaret Bakan\u0131 Humam Cezayiri, Lazkiye\u2019de bulunan kara ve liman serbest ticaret b\u00f6lgelerinin, imalat, tekstil ve kimya end\u00fcstrilerini kapsayacak b\u00f6lgelere d\u00f6n\u00fc\u015ft\u00fcr\u00fclece\u011fini ifade etti. D\u00fcn Lazkiye\u2019de ekonomi akt\u00f6rleri ile bir araya gelen Cezayiri, bu s\u00fcre\u00e7te h\u00fck\u00fcmetin, yerel \u00fcretici ve \u00fcretim faaliyetlerinin koruma \u00e7abas\u0131nda oldu\u011funu dile getirerek bu \u00e7er\u00e7evede yerel piyasada alternatifi bulunan &hellip;<\/p>\n","protected":false},"author":1,"featured_media":32678,"comment_status":"closed","ping_status":"closed","sticky":false,"template":"","format":"standard","meta":{"footnotes":""},"categories":[485,486],"tags":[14405,14407,14406,14408],"class_list":["post-32675","post","type-post","status-publish","format-standard","has-post-thumbnail","","category-is-ve-sermaye","category-haberler-is-ve-sermaye","tag-cezayiri-hukumet-yerel-uretim-ve-ureticiyi-koruma-cabasinda-lazkiye-ekonomi-ve-dis-ticaret-bakani-humam-cezayiri","tag-imalat","tag-lazkiyede-bulunan-kara-ve-liman-serbest-ticaret-bolgelerinin","tag-tekstil-ve-kimya-endustrilerini-kapsayacak-bolgelere-donusturulecegini-ifade-etti"],"_links":{"self":[{"href":"https:\/\/archive.sana.sy\/tr\/index.php?rest_route=\/wp\/v2\/posts\/32675","targetHints":{"allow":["GET"]}}],"collection":[{"href":"https:\/\/archive.sana.sy\/tr\/index.php?rest_route=\/wp\/v2\/posts"}],"about":[{"href":"https:\/\/archive.sana.sy\/tr\/index.php?rest_route=\/wp\/v2\/types\/post"}],"author":[{"embeddable":true,"href":"https:\/\/archive.sana.sy\/tr\/index.php?rest_route=\/wp\/v2\/users\/1"}],"replies":[{"embeddable":true,"href":"https:\/\/archive.sana.sy\/tr\/index.php?rest_route=%2Fwp%2Fv2%2Fcomments&post=32675"}],"version-history":[{"count":0,"href":"https:\/\/archive.sana.sy\/tr\/index.php?rest_route=\/wp\/v2\/posts\/32675\/revisions"}],"wp:featuredmedia":[{"embeddable":true,"href":"https:\/\/archive.sana.sy\/tr\/index.php?rest_route=\/wp\/v2\/media\/32678"}],"wp:attachment":[{"href":"https:\/\/archive.sana.sy\/tr\/index.php?rest_route=%2Fwp%2Fv2%2Fmedia&parent=32675"}],"wp:term":[{"taxonomy":"category","embeddable":true,"href":"https:\/\/archive.sana.sy\/tr\/index.php?rest_route=%2Fwp%2Fv2%2Fcategories&post=32675"},{"taxonomy":"post_tag","embeddable":true,"href":"https:\/\/archive.sana.sy\/tr\/index.php?rest_route=%2Fwp%2Fv2%2Ftags&post=32675"}],"curies":[{"name":"wp","href":"https:\/\/api.w.org\/{rel}","templated":true}]}}