{"id":326759,"date":"2025-07-30T14:25:50","date_gmt":"2025-07-30T11:25:50","guid":{"rendered":"https:\/\/sana.sy\/tr\/?p=326759"},"modified":"2025-07-30T15:00:46","modified_gmt":"2025-07-30T12:00:46","slug":"kizilhacin-suriye-temsilcisi-suveydadaki-insani-mudahale-icin-suriye-makamlariyla-koordinasyon-suruyor","status":"publish","type":"post","link":"https:\/\/archive.sana.sy\/tr\/?p=326759","title":{"rendered":"K\u0131z\u0131lha\u00e7&#8217;\u0131n Suriye Temsilcisi: S\u00fcveyda\u2019daki \u0130nsani M\u00fcdahale \u0130\u00e7in Suriye Makamlar\u0131yla Koordinasyon S\u00fcr\u00fcyor"},"content":{"rendered":"<p style=\"text-align: justify;\"><strong><span style=\"color: #ff0000;\">\u015eAM (SANA)<\/span> &#8211; <\/strong>Uluslararas\u0131 K\u0131z\u0131lha\u00e7 Komitesi\u2019nin Suriye\u2019deki Misyon \u015eefi Stephan Sakalian, \u015eam\u2019daki Suriye yetkilileri ve S\u00fcveyda ilindeki t\u00fcm sahadaki akt\u00f6rlerle, b\u00f6lgede insani m\u00fcdahalenin desteklenmesi amac\u0131yla y\u00fcr\u00fct\u00fclen koordinasyonun s\u00fcrd\u00fc\u011f\u00fcn\u00fc vurgulad\u0131.<\/p>\n<p style=\"text-align: justify;\">Sakalian, SANA\u2019ya yapt\u0131\u011f\u0131 a\u00e7\u0131klamada, Uluslararas\u0131 K\u0131z\u0131lha\u00e7 Komitesi\u2019nin, S\u00fcveyda\u2019da son ya\u015fanan olaylar\u0131n etkilenen topluluklar \u00fczerindeki olumsuz etkilerini hafifletmek i\u00e7in \u00e7al\u0131\u015fmalar\u0131n\u0131 s\u00fcrd\u00fcrmeye tam anlam\u0131yla haz\u0131r oldu\u011funu belirterek, Suriye Arap K\u0131z\u0131lay\u0131&#8217;n\u0131n insani yard\u0131m konvoylar\u0131na Pazartesi 28 Temmuz&#8217;da S\u00fcveyda Valili\u011fi&#8217;ne giren bir K\u0131z\u0131lay ekibinin de kat\u0131ld\u0131\u011f\u0131n\u0131, bunun etkilenen ailelere y\u00f6nelik yard\u0131m \u00e7al\u0131\u015fmalar\u0131n\u0131 art\u0131rmak ve temel ihtiya\u00e7lar\u0131n\u0131 kar\u015f\u0131lamak amac\u0131yla devam eden \u00e7abalar\u0131n bir par\u00e7as\u0131 oldu\u011funu kaydetti.<\/p>\n<p style=\"text-align: justify;\">Komite ekibinin S\u00fcveyda\u2019ya ger\u00e7ekle\u015ftirdi\u011fi ziyaretin, sahadaki durumu daha iyi kavrama ve en acil ihtiya\u00e7lar\u0131 belirleyerek m\u00fcdahale alan\u0131n\u0131 geni\u015fletme a\u00e7\u0131s\u0131ndan \u00f6nemli bir f\u0131rsat sundu\u011funu kaydeden Sakalian, ziyarete farkl\u0131 alanlarda uzmanla\u015fm\u0131\u015f personelin dahil edildi\u011fini, bunun da t\u00fcm ihtiya\u00e7lar\u0131n kapsaml\u0131 bi\u00e7imde de\u011ferlendirilmesini sa\u011flad\u0131\u011f\u0131n\u0131 ifade etti.<\/p>\n<p style=\"text-align: justify;\">Sakalian ayr\u0131ca, bu \u00e7al\u0131\u015fmalar\u0131n, zorlu ko\u015fullar alt\u0131nda b\u00fcy\u00fck \u00e7aba g\u00f6steren Suriye Arap K\u0131z\u0131lay\u0131\u2019n\u0131n personeli ve g\u00f6n\u00fcll\u00fcleriyle yak\u0131n i\u015f birli\u011fi i\u00e7inde y\u00fcr\u00fct\u00fcld\u00fc\u011f\u00fcn\u00fc a\u00e7\u0131klad\u0131.<\/p>\n<p style=\"text-align: justify;\">K\u0131z\u0131lha\u00e7&#8217;\u0131n Suriye Temsilcisi, Komite ekibinin, en acil ve \u00f6ncelikli ihtiya\u00e7lar\u0131 belirlemek amac\u0131yla b\u00f6lgedeki aileler, toplum temsilcileri ve sa\u011fl\u0131k \u00e7al\u0131\u015fanlar\u0131yla do\u011frudan g\u00f6r\u00fc\u015fmeler ger\u00e7ekle\u015ftirdi\u011fini de bildirdi.<\/p>\n","protected":false},"excerpt":{"rendered":"<p>\u015eAM (SANA) &#8211; Uluslararas\u0131 K\u0131z\u0131lha\u00e7 Komitesi\u2019nin Suriye\u2019deki Misyon \u015eefi Stephan Sakalian, \u015eam\u2019daki Suriye yetkilileri ve S\u00fcveyda ilindeki t\u00fcm sahadaki akt\u00f6rlerle, b\u00f6lgede insani m\u00fcdahalenin desteklenmesi amac\u0131yla y\u00fcr\u00fct\u00fclen koordinasyonun s\u00fcrd\u00fc\u011f\u00fcn\u00fc vurgulad\u0131. Sakalian, SANA\u2019ya yapt\u0131\u011f\u0131 a\u00e7\u0131klamada, Uluslararas\u0131 K\u0131z\u0131lha\u00e7 Komitesi\u2019nin, S\u00fcveyda\u2019da son ya\u015fanan olaylar\u0131n etkilenen topluluklar \u00fczerindeki olumsuz etkilerini hafifletmek i\u00e7in \u00e7al\u0131\u015fmalar\u0131n\u0131 s\u00fcrd\u00fcrmeye tam anlam\u0131yla haz\u0131r oldu\u011funu belirterek, Suriye &hellip;<\/p>\n","protected":false},"author":39,"featured_media":326760,"comment_status":"closed","ping_status":"closed","sticky":false,"template":"","format":"standard","meta":{"footnotes":""},"categories":[589,479,17988,478],"tags":[],"class_list":["post-326759","post","type-post","status-publish","format-standard","has-post-thumbnail","","category-haber-seridi","category-haberler-yerel","category-son-haberler","category-yerel"],"_links":{"self":[{"href":"https:\/\/archive.sana.sy\/tr\/index.php?rest_route=\/wp\/v2\/posts\/326759","targetHints":{"allow":["GET"]}}],"collection":[{"href":"https:\/\/archive.sana.sy\/tr\/index.php?rest_route=\/wp\/v2\/posts"}],"about":[{"href":"https:\/\/archive.sana.sy\/tr\/index.php?rest_route=\/wp\/v2\/types\/post"}],"author":[{"embeddable":true,"href":"https:\/\/archive.sana.sy\/tr\/index.php?rest_route=\/wp\/v2\/users\/39"}],"replies":[{"embeddable":true,"href":"https:\/\/archive.sana.sy\/tr\/index.php?rest_route=%2Fwp%2Fv2%2Fcomments&post=326759"}],"version-history":[{"count":2,"href":"https:\/\/archive.sana.sy\/tr\/index.php?rest_route=\/wp\/v2\/posts\/326759\/revisions"}],"predecessor-version":[{"id":326767,"href":"https:\/\/archive.sana.sy\/tr\/index.php?rest_route=\/wp\/v2\/posts\/326759\/revisions\/326767"}],"wp:featuredmedia":[{"embeddable":true,"href":"https:\/\/archive.sana.sy\/tr\/index.php?rest_route=\/wp\/v2\/media\/326760"}],"wp:attachment":[{"href":"https:\/\/archive.sana.sy\/tr\/index.php?rest_route=%2Fwp%2Fv2%2Fmedia&parent=326759"}],"wp:term":[{"taxonomy":"category","embeddable":true,"href":"https:\/\/archive.sana.sy\/tr\/index.php?rest_route=%2Fwp%2Fv2%2Fcategories&post=326759"},{"taxonomy":"post_tag","embeddable":true,"href":"https:\/\/archive.sana.sy\/tr\/index.php?rest_route=%2Fwp%2Fv2%2Ftags&post=326759"}],"curies":[{"name":"wp","href":"https:\/\/api.w.org\/{rel}","templated":true}]}}