{"id":326763,"date":"2025-07-30T14:38:05","date_gmt":"2025-07-30T11:38:05","guid":{"rendered":"https:\/\/sana.sy\/tr\/?p=326763"},"modified":"2025-07-31T18:38:39","modified_gmt":"2025-07-31T15:38:39","slug":"enerji-bakani-suriye-2-agustostan-itibaren-turkiye-uzerinden-azerbaycan-gazi-almaya-baslayacak","status":"publish","type":"post","link":"https:\/\/archive.sana.sy\/tr\/?p=326763","title":{"rendered":"Enerji Bakan\u0131: Suriye, 2 A\u011fustos\u2019tan \u0130tibaren T\u00fcrkiye \u00dczerinden Azerbaycan Gaz\u0131 Almaya Ba\u015flayacak"},"content":{"rendered":"<p style=\"text-align: justify;\"><strong><span style=\"color: #ff0000;\">\u015eAM (SANA)<\/span> &#8211;\u00a0<\/strong>Suriye Enerji Bakan\u0131 Muhammed El Be\u015fir, Suriye&#8217;nin 2 A\u011fustos\u2019tan itibaren Azerbaycan&#8217;dan gelen ve T\u00fcrkiye topraklar\u0131ndan ge\u00e7erek Halep iline ula\u015facak olan g\u00fcnl\u00fck 3.4 milyon metrek\u00fcp do\u011fal gaz\u0131 almaya ba\u015flayaca\u011f\u0131n\u0131 a\u00e7\u0131klad\u0131.<\/p>\n<p style=\"text-align: justify;\">Bu miktarda gazla yakla\u015f\u0131k 900 megavat elektrik \u00fcretilece\u011fini belirten Bakan, bu ad\u0131m\u0131n Suriye&#8217;nin enerji sekt\u00f6r\u00fcn\u00fc desteklemeye y\u00f6nelik ortak i\u015f birli\u011fi kapsam\u0131nda at\u0131ld\u0131\u011f\u0131n\u0131 ifade etti.<\/p>\n<p style=\"text-align: justify;\">Bakan El Be\u015fir ayr\u0131ca, SANA\u2019ya yapt\u0131\u011f\u0131 a\u00e7\u0131klamada, bu ad\u0131m\u0131n elektrik \u015febekesinin istikrar\u0131n\u0131 g\u00fc\u00e7lendirmeye katk\u0131 sa\u011flayaca\u011f\u0131n\u0131 vurgulayarak, Suriye h\u00fck\u00fcmetinin bu s\u00fcreci, vatanda\u015flar\u0131n \u00fczerindeki y\u00fck\u00fc hafifletmeyi ve enerji ihtiyac\u0131n\u0131 kar\u015f\u0131lamay\u0131 hedefleyen ulusal plan do\u011frultusunda takip etti\u011fini kaydetti.<\/p>\n","protected":false},"excerpt":{"rendered":"<p>\u015eAM (SANA) &#8211;\u00a0Suriye Enerji Bakan\u0131 Muhammed El Be\u015fir, Suriye&#8217;nin 2 A\u011fustos\u2019tan itibaren Azerbaycan&#8217;dan gelen ve T\u00fcrkiye topraklar\u0131ndan ge\u00e7erek Halep iline ula\u015facak olan g\u00fcnl\u00fck 3.4 milyon metrek\u00fcp do\u011fal gaz\u0131 almaya ba\u015flayaca\u011f\u0131n\u0131 a\u00e7\u0131klad\u0131. Bu miktarda gazla yakla\u015f\u0131k 900 megavat elektrik \u00fcretilece\u011fini belirten Bakan, bu ad\u0131m\u0131n Suriye&#8217;nin enerji sekt\u00f6r\u00fcn\u00fc desteklemeye y\u00f6nelik ortak i\u015f birli\u011fi kapsam\u0131nda at\u0131ld\u0131\u011f\u0131n\u0131 ifade etti. &hellip;<\/p>\n","protected":false},"author":39,"featured_media":326764,"comment_status":"closed","ping_status":"closed","sticky":false,"template":"","format":"standard","meta":{"footnotes":""},"categories":[589,479,17988,478],"tags":[],"class_list":["post-326763","post","type-post","status-publish","format-standard","has-post-thumbnail","","category-haber-seridi","category-haberler-yerel","category-son-haberler","category-yerel"],"_links":{"self":[{"href":"https:\/\/archive.sana.sy\/tr\/index.php?rest_route=\/wp\/v2\/posts\/326763","targetHints":{"allow":["GET"]}}],"collection":[{"href":"https:\/\/archive.sana.sy\/tr\/index.php?rest_route=\/wp\/v2\/posts"}],"about":[{"href":"https:\/\/archive.sana.sy\/tr\/index.php?rest_route=\/wp\/v2\/types\/post"}],"author":[{"embeddable":true,"href":"https:\/\/archive.sana.sy\/tr\/index.php?rest_route=\/wp\/v2\/users\/39"}],"replies":[{"embeddable":true,"href":"https:\/\/archive.sana.sy\/tr\/index.php?rest_route=%2Fwp%2Fv2%2Fcomments&post=326763"}],"version-history":[{"count":2,"href":"https:\/\/archive.sana.sy\/tr\/index.php?rest_route=\/wp\/v2\/posts\/326763\/revisions"}],"predecessor-version":[{"id":326766,"href":"https:\/\/archive.sana.sy\/tr\/index.php?rest_route=\/wp\/v2\/posts\/326763\/revisions\/326766"}],"wp:featuredmedia":[{"embeddable":true,"href":"https:\/\/archive.sana.sy\/tr\/index.php?rest_route=\/wp\/v2\/media\/326764"}],"wp:attachment":[{"href":"https:\/\/archive.sana.sy\/tr\/index.php?rest_route=%2Fwp%2Fv2%2Fmedia&parent=326763"}],"wp:term":[{"taxonomy":"category","embeddable":true,"href":"https:\/\/archive.sana.sy\/tr\/index.php?rest_route=%2Fwp%2Fv2%2Fcategories&post=326763"},{"taxonomy":"post_tag","embeddable":true,"href":"https:\/\/archive.sana.sy\/tr\/index.php?rest_route=%2Fwp%2Fv2%2Ftags&post=326763"}],"curies":[{"name":"wp","href":"https:\/\/api.w.org\/{rel}","templated":true}]}}