{"id":326770,"date":"2025-07-30T16:32:08","date_gmt":"2025-07-30T13:32:08","guid":{"rendered":"https:\/\/sana.sy\/tr\/?p=326770"},"modified":"2025-07-30T16:33:03","modified_gmt":"2025-07-30T13:33:03","slug":"turkiye-enerji-bakani-2-agustostan-itibaren-suriyeye-azerbaycan-gazi-saglayacagiz","status":"publish","type":"post","link":"https:\/\/archive.sana.sy\/tr\/?p=326770","title":{"rendered":"T\u00fcrkiye Enerji Bakan\u0131: 2 A\u011fustos\u2019tan \u0130tibaren Suriye\u2019ye Azerbaycan Gaz\u0131 Sa\u011flayaca\u011f\u0131z"},"content":{"rendered":"<p style=\"text-align: justify;\"><strong><span style=\"color: #ff0000;\">ANKARA (SANA)<\/span> &#8211; <\/strong>T\u00fcrkiye Enerji ve Tabii Kaynaklar Bakan\u0131 Alparslan Bayraktar, \u00fclkesinin 2 A\u011fustos\u2019tan itibaren Azerbaycan\u2019dan temin edilen do\u011falgaz\u0131 Kilis ili \u00fczerinden Suriye\u2019ye ula\u015ft\u0131rmaya ba\u015flayaca\u011f\u0131n\u0131 a\u00e7\u0131klad\u0131.<\/p>\n<p style=\"text-align: justify;\">Anadolu Ajans\u0131\u2019n\u0131n haberine g\u00f6re Bayraktar, bug\u00fcn gazetecilere yapt\u0131\u011f\u0131 a\u00e7\u0131klamada, \u201cGerekli prosed\u00fcrlerin tamamlanmas\u0131n\u0131n ard\u0131ndan, yakla\u015f\u0131k 900 megavatl\u0131k elektrik tedariki sa\u011flayarak 1,6 milyon hanenin ihtiyac\u0131n\u0131 kar\u015f\u0131layaca\u011f\u0131z. 2 A\u011fustos itibar\u0131yla Azerbaycan\u2019dan gelen do\u011falgaz, Kilis \u00fczerinden Suriye\u2019nin Halep kentine ihra\u00e7 edilmeye ba\u015flanacak,\u201d dedi.<\/p>\n<p style=\"text-align: justify;\">Bayraktar, Kilis\u2019ten Halep\u2019e uzanan do\u011falgaz hatt\u0131n\u0131n May\u0131s ay\u0131nda tamamland\u0131\u011f\u0131n\u0131 ve ilk gaz ak\u0131\u015f\u0131n\u0131n bu hat \u00fczerinden sa\u011flanaca\u011f\u0131n\u0131 belirterek, bu s\u00fcre\u00e7te Azerbaycan ve Katar ile i\u015f birli\u011fi yap\u0131laca\u011f\u0131n\u0131 ifade etti.<\/p>\n<p style=\"text-align: justify;\">T\u00fcrk Bakan, Azerbaycan do\u011falgaz\u0131n\u0131n sevkiyat\u0131n\u0131n amac\u0131n\u0131n Suriye\u2019de \u015fu an g\u00fcnl\u00fck 3\u20134 saatle s\u0131n\u0131rl\u0131 olan elektrik arz\u0131n\u0131 10 saate \u00e7\u0131karmak oldu\u011funu belirtti. T\u00fcrkiye\u2019nin Suriye\u2019deki enerji altyap\u0131s\u0131n\u0131n yeniden in\u015fas\u0131nda \u201cetkin bir rol\u201d oynad\u0131\u011f\u0131n\u0131 vurgulad\u0131.<\/p>\n<p style=\"text-align: justify;\">Bayraktar, T\u00fcrkiye\u2019nin halihaz\u0131rda Suriye\u2019nin kuzeyine elektrik ihra\u00e7 etti\u011fini ve mevcut hatlar \u00fczerinden bu miktar\u0131n 280 megavata \u00e7\u0131kar\u0131lmas\u0131n\u0131n planland\u0131\u011f\u0131n\u0131 bildirdi. Ayr\u0131ca, kapasitesi yakla\u015f\u0131k 500 megavat olan ve ge\u00e7mi\u015fte kullan\u0131lan \u201cBar\u0131\u015f\u0131k-Halep Hatt\u0131\u201dn\u0131n yeniden faaliyete ge\u00e7irilmesi i\u00e7in \u00e7al\u0131\u015fmalar\u0131n s\u00fcrd\u00fc\u011f\u00fcn\u00fc aktard\u0131.<\/p>\n<p style=\"text-align: justify;\">Bakan Bayraktar, \u201c6 milyon metrek\u00fcp do\u011falgazla 1200 megavat elektrik \u00fcretme kapasitesine sahip olaca\u011f\u0131z,\u201d diyerek enerji projelerinin b\u00f6lgeye ya\u015fam\u0131n geri d\u00f6nmesinde ve Suriyelilerin \u00fclkelerine d\u00f6n\u00fc\u015flerinin h\u0131zland\u0131r\u0131lmas\u0131nda \u00f6nemli rol oynayaca\u011f\u0131n\u0131 s\u00f6yledi.<\/p>\n<p style=\"text-align: justify;\">\u00d6te yandan, 12 Temmuz\u2019da Suriye, Azerbaycan\u2019\u0131n devlet petrol \u015firketi SOCAR ile do\u011falgaz tedariki konusunda bir mutabakat zapt\u0131 imzalad\u0131. Mutabakat, Suriye Devlet Ba\u015fkan\u0131 Ahmed \u015earaa\u2019n\u0131n Bak\u00fc\u2019ye yapt\u0131\u011f\u0131 resmi ziyaret kapsam\u0131nda imzaland\u0131.<\/p>\n<p style=\"text-align: justify;\">Anla\u015fmaya Azerbaycan Ekonomi Bakan\u0131 ve SOCAR Denetim Kurulu Ba\u015fkan\u0131 Mikay\u0131l Cabbarov ile Suriye Enerji Bakan\u0131 Muhammed Be\u015fir imza att\u0131.<\/p>\n<p style=\"text-align: justify;\">\n","protected":false},"excerpt":{"rendered":"<p>ANKARA (SANA) &#8211; T\u00fcrkiye Enerji ve Tabii Kaynaklar Bakan\u0131 Alparslan Bayraktar, \u00fclkesinin 2 A\u011fustos\u2019tan itibaren Azerbaycan\u2019dan temin edilen do\u011falgaz\u0131 Kilis ili \u00fczerinden Suriye\u2019ye ula\u015ft\u0131rmaya ba\u015flayaca\u011f\u0131n\u0131 a\u00e7\u0131klad\u0131. Anadolu Ajans\u0131\u2019n\u0131n haberine g\u00f6re Bayraktar, bug\u00fcn gazetecilere yapt\u0131\u011f\u0131 a\u00e7\u0131klamada, \u201cGerekli prosed\u00fcrlerin tamamlanmas\u0131n\u0131n ard\u0131ndan, yakla\u015f\u0131k 900 megavatl\u0131k elektrik tedariki sa\u011flayarak 1,6 milyon hanenin ihtiyac\u0131n\u0131 kar\u015f\u0131layaca\u011f\u0131z. 2 A\u011fustos itibar\u0131yla Azerbaycan\u2019dan gelen &hellip;<\/p>\n","protected":false},"author":41,"featured_media":326771,"comment_status":"closed","ping_status":"closed","sticky":false,"template":"","format":"standard","meta":{"footnotes":""},"categories":[589,17988,2554,2555],"tags":[],"class_list":["post-326770","post","type-post","status-publish","format-standard","has-post-thumbnail","","category-haber-seridi","category-son-haberler","category-suriye-ve-dunya","category-suriye-ve-turkiye"],"_links":{"self":[{"href":"https:\/\/archive.sana.sy\/tr\/index.php?rest_route=\/wp\/v2\/posts\/326770","targetHints":{"allow":["GET"]}}],"collection":[{"href":"https:\/\/archive.sana.sy\/tr\/index.php?rest_route=\/wp\/v2\/posts"}],"about":[{"href":"https:\/\/archive.sana.sy\/tr\/index.php?rest_route=\/wp\/v2\/types\/post"}],"author":[{"embeddable":true,"href":"https:\/\/archive.sana.sy\/tr\/index.php?rest_route=\/wp\/v2\/users\/41"}],"replies":[{"embeddable":true,"href":"https:\/\/archive.sana.sy\/tr\/index.php?rest_route=%2Fwp%2Fv2%2Fcomments&post=326770"}],"version-history":[{"count":2,"href":"https:\/\/archive.sana.sy\/tr\/index.php?rest_route=\/wp\/v2\/posts\/326770\/revisions"}],"predecessor-version":[{"id":326773,"href":"https:\/\/archive.sana.sy\/tr\/index.php?rest_route=\/wp\/v2\/posts\/326770\/revisions\/326773"}],"wp:featuredmedia":[{"embeddable":true,"href":"https:\/\/archive.sana.sy\/tr\/index.php?rest_route=\/wp\/v2\/media\/326771"}],"wp:attachment":[{"href":"https:\/\/archive.sana.sy\/tr\/index.php?rest_route=%2Fwp%2Fv2%2Fmedia&parent=326770"}],"wp:term":[{"taxonomy":"category","embeddable":true,"href":"https:\/\/archive.sana.sy\/tr\/index.php?rest_route=%2Fwp%2Fv2%2Fcategories&post=326770"},{"taxonomy":"post_tag","embeddable":true,"href":"https:\/\/archive.sana.sy\/tr\/index.php?rest_route=%2Fwp%2Fv2%2Ftags&post=326770"}],"curies":[{"name":"wp","href":"https:\/\/api.w.org\/{rel}","templated":true}]}}