{"id":326774,"date":"2025-07-30T16:39:47","date_gmt":"2025-07-30T13:39:47","guid":{"rendered":"https:\/\/sana.sy\/tr\/?p=326774"},"modified":"2025-07-31T18:01:22","modified_gmt":"2025-07-31T15:01:22","slug":"120-000-litre-yakit-tasiyan-bir-konvoy-suveyda-iline-girdi","status":"publish","type":"post","link":"https:\/\/archive.sana.sy\/tr\/?p=326774","title":{"rendered":"120.000 litre Yak\u0131t Ta\u015f\u0131yan Bir Konvoy S\u00fcveyda \u0130li&#8217;ne Girdi"},"content":{"rendered":"<p style=\"text-align: justify;\"><span style=\"color: #ff0000;\"><strong>DERA (SANA)<\/strong> <\/span>&#8211; 120.000 litreden fazla yak\u0131t ta\u015f\u0131yan d\u00f6rt tankerden olu\u015fan bir konvoy, bug\u00fcn do\u011fu Dera k\u0131rsal\u0131ndaki Busra El \u015eam insani yard\u0131m ge\u00e7idinden S\u00fcveyda \u0130li&#8217;ne girdi.<\/p>\n<p style=\"text-align: justify;\">Bu konvoyun giri\u015fi, Suriye h\u00fck\u00fcmetinin ilin temel ihtiya\u00e7lar\u0131n\u0131 kar\u015f\u0131lama \u00e7abalar\u0131n\u0131n bir par\u00e7as\u0131 olup, kanun ka\u00e7a\u011f\u0131 gruplar\u0131n S\u00fcveyda \u0130li&#8217;nin Suriye h\u00fck\u00fcmeti taraf\u0131ndan ku\u015fatma alt\u0131nda oldu\u011fu y\u00f6n\u00fcndeki iddialar\u0131n\u0131 \u00e7\u00fcr\u00fct\u00fcyor.<\/p>\n<div id='gallery-1' class='gallery galleryid-326774 gallery-columns-1 gallery-size-full'><figure class='gallery-item'>\n\t\t\t<div class='gallery-icon landscape'>\n\t\t\t\t<a href='https:\/\/archive.sana.sy\/tr\/?attachment_id=326777'><img loading=\"lazy\" decoding=\"async\" width=\"1280\" height=\"863\" src=\"https:\/\/archive.sana.sy\/tr\/wp-content\/uploads\/2025\/07\/photo_2025-07-30_16-04-33-2.jpg\" class=\"attachment-full size-full\" alt=\"\" srcset=\"https:\/\/archive.sana.sy\/tr\/wp-content\/uploads\/2025\/07\/photo_2025-07-30_16-04-33-2.jpg 1280w, https:\/\/archive.sana.sy\/tr\/wp-content\/uploads\/2025\/07\/photo_2025-07-30_16-04-33-2-300x202.jpg 300w, https:\/\/archive.sana.sy\/tr\/wp-content\/uploads\/2025\/07\/photo_2025-07-30_16-04-33-2-1024x690.jpg 1024w, https:\/\/archive.sana.sy\/tr\/wp-content\/uploads\/2025\/07\/photo_2025-07-30_16-04-33-2-768x518.jpg 768w, https:\/\/archive.sana.sy\/tr\/wp-content\/uploads\/2025\/07\/photo_2025-07-30_16-04-33-2-110x75.jpg 110w\" sizes=\"auto, (max-width: 1280px) 100vw, 1280px\" \/><\/a>\n\t\t\t<\/div><\/figure><figure class='gallery-item'>\n\t\t\t<div class='gallery-icon landscape'>\n\t\t\t\t<a href='https:\/\/archive.sana.sy\/tr\/?attachment_id=326778'><img loading=\"lazy\" decoding=\"async\" width=\"1280\" height=\"905\" src=\"https:\/\/archive.sana.sy\/tr\/wp-content\/uploads\/2025\/07\/photo_2025-07-30_16-04-33.jpg\" class=\"attachment-full size-full\" alt=\"\" srcset=\"https:\/\/archive.sana.sy\/tr\/wp-content\/uploads\/2025\/07\/photo_2025-07-30_16-04-33.jpg 1280w, https:\/\/archive.sana.sy\/tr\/wp-content\/uploads\/2025\/07\/photo_2025-07-30_16-04-33-300x212.jpg 300w, https:\/\/archive.sana.sy\/tr\/wp-content\/uploads\/2025\/07\/photo_2025-07-30_16-04-33-1024x724.jpg 1024w, https:\/\/archive.sana.sy\/tr\/wp-content\/uploads\/2025\/07\/photo_2025-07-30_16-04-33-768x543.jpg 768w\" sizes=\"auto, (max-width: 1280px) 100vw, 1280px\" \/><\/a>\n\t\t\t<\/div><\/figure>\n\t\t<\/div>\n\n","protected":false},"excerpt":{"rendered":"<p>DERA (SANA) &#8211; 120.000 litreden fazla yak\u0131t ta\u015f\u0131yan d\u00f6rt tankerden olu\u015fan bir konvoy, bug\u00fcn do\u011fu Dera k\u0131rsal\u0131ndaki Busra El \u015eam insani yard\u0131m ge\u00e7idinden S\u00fcveyda \u0130li&#8217;ne girdi. Bu konvoyun giri\u015fi, Suriye h\u00fck\u00fcmetinin ilin temel ihtiya\u00e7lar\u0131n\u0131 kar\u015f\u0131lama \u00e7abalar\u0131n\u0131n bir par\u00e7as\u0131 olup, kanun ka\u00e7a\u011f\u0131 gruplar\u0131n S\u00fcveyda \u0130li&#8217;nin Suriye h\u00fck\u00fcmeti taraf\u0131ndan ku\u015fatma alt\u0131nda oldu\u011fu y\u00f6n\u00fcndeki iddialar\u0131n\u0131 \u00e7\u00fcr\u00fct\u00fcyor.<\/p>\n","protected":false},"author":41,"featured_media":326775,"comment_status":"closed","ping_status":"closed","sticky":false,"template":"","format":"standard","meta":{"footnotes":""},"categories":[458,589,459,17988],"tags":[],"class_list":["post-326774","post","type-post","status-publish","format-standard","has-post-thumbnail","","category-dunya1","category-haber-seridi","category-haberler-arap-uluslararasi-politika","category-son-haberler"],"_links":{"self":[{"href":"https:\/\/archive.sana.sy\/tr\/index.php?rest_route=\/wp\/v2\/posts\/326774","targetHints":{"allow":["GET"]}}],"collection":[{"href":"https:\/\/archive.sana.sy\/tr\/index.php?rest_route=\/wp\/v2\/posts"}],"about":[{"href":"https:\/\/archive.sana.sy\/tr\/index.php?rest_route=\/wp\/v2\/types\/post"}],"author":[{"embeddable":true,"href":"https:\/\/archive.sana.sy\/tr\/index.php?rest_route=\/wp\/v2\/users\/41"}],"replies":[{"embeddable":true,"href":"https:\/\/archive.sana.sy\/tr\/index.php?rest_route=%2Fwp%2Fv2%2Fcomments&post=326774"}],"version-history":[{"count":1,"href":"https:\/\/archive.sana.sy\/tr\/index.php?rest_route=\/wp\/v2\/posts\/326774\/revisions"}],"predecessor-version":[{"id":326779,"href":"https:\/\/archive.sana.sy\/tr\/index.php?rest_route=\/wp\/v2\/posts\/326774\/revisions\/326779"}],"wp:featuredmedia":[{"embeddable":true,"href":"https:\/\/archive.sana.sy\/tr\/index.php?rest_route=\/wp\/v2\/media\/326775"}],"wp:attachment":[{"href":"https:\/\/archive.sana.sy\/tr\/index.php?rest_route=%2Fwp%2Fv2%2Fmedia&parent=326774"}],"wp:term":[{"taxonomy":"category","embeddable":true,"href":"https:\/\/archive.sana.sy\/tr\/index.php?rest_route=%2Fwp%2Fv2%2Fcategories&post=326774"},{"taxonomy":"post_tag","embeddable":true,"href":"https:\/\/archive.sana.sy\/tr\/index.php?rest_route=%2Fwp%2Fv2%2Ftags&post=326774"}],"curies":[{"name":"wp","href":"https:\/\/api.w.org\/{rel}","templated":true}]}}