{"id":326792,"date":"2025-07-30T20:23:23","date_gmt":"2025-07-30T17:23:23","guid":{"rendered":"https:\/\/sana.sy\/tr\/?p=326792"},"modified":"2025-07-30T20:24:16","modified_gmt":"2025-07-30T17:24:16","slug":"seyh-leys-el-belus-tamamen-suriye-gundemine-gore-suriyelilere-hizmet-odakli-calismaliyiz","status":"publish","type":"post","link":"https:\/\/archive.sana.sy\/tr\/?p=326792","title":{"rendered":"\u015eeyh Leys El Belus: Tamamen Suriye G\u00fcndemine G\u00f6re, Suriyelilere Hizmet Odakl\u0131 \u00c7al\u0131\u015fmal\u0131y\u0131z"},"content":{"rendered":"<p style=\"text-align: justify;\"><span style=\"color: #ff0000;\"><strong>\u015eAM (SANA) \u2013<\/strong> <\/span>Onur adamlar\u0131 Hareketi\u2019nin \u201cRical El Kerame\u201d lideri \u015eeyh Leys El Belus, Suriyelilere hizmet etmeyi ve hak ile hukuk devletinin in\u015fas\u0131n\u0131 hedefleyen saf bir Suriye g\u00fcndemiyle hareket etmenin gereklili\u011fine vurgu yapt\u0131. El Belus, kapsaml\u0131 ulusal uzla\u015f\u0131 ve diyalo\u011fun, krizin \u00e7\u00f6z\u00fcm\u00fcnde ve Suriye\u2019nin korunmas\u0131nda temel yollar oldu\u011funu belirtti.<\/p>\n<p style=\"text-align: justify;\">El Belus, Al Arabiya kanal\u0131na yapt\u0131\u011f\u0131 a\u00e7\u0131klamada mezhep\u00e7ilik ve fitnenin reddedilmesi, nefret s\u00f6yleminin yerine diyalog ve i\u015f birli\u011fi dilinin benimsenmesi gerekti\u011fini ifade ederek, Suriye h\u00fck\u00fcmetinin S\u00fcveyda halk\u0131na yard\u0131m \u00e7abalar\u0131n\u0131 ve yerinden edilen ailelerin bar\u0131nmas\u0131 i\u00e7in sa\u011flad\u0131\u011f\u0131 kolayl\u0131klar\u0131 takdir etti.<\/p>\n<p style=\"text-align: justify;\">Silahl\u0131 ve yasa d\u0131\u015f\u0131 gruplar\u0131n S\u00fcveyda iline verdi\u011fi tahribat\u0131n bir\u00e7ok mahalleyi ya\u015fanmaz hale getirdi\u011fini belirten El Belus, il valili\u011fi ve ilgili devlet kurumlar\u0131yla yeniden imar ve halk\u0131n evlerine d\u00f6n\u00fc\u015f\u00fc i\u00e7in koordinasyon sa\u011fland\u0131\u011f\u0131n\u0131 a\u00e7\u0131klad\u0131.<\/p>\n<p style=\"text-align: justify;\">Onur adamlar\u0131 Hareketi\u2019nin ildeki trajik geli\u015fmeleri yak\u0131ndan takip etti\u011fini belirten El Belus, d\u0131\u015f g\u00fc\u00e7lerle ba\u011flant\u0131l\u0131 ve eski rejimle ili\u015fkili baz\u0131 \u015fah\u0131slar taraf\u0131ndan yay\u0131lan yalan haberler arac\u0131l\u0131\u011f\u0131yla fitne \u00e7\u0131karma giri\u015fimlerine dikkat \u00e7ekti. Hareketin S\u00fcveyda\u2019y\u0131 kaosa s\u00fcr\u00fckleyecek herhangi bir giri\u015fime izin vermeyece\u011fini vurgulad\u0131.<\/p>\n<p style=\"text-align: justify;\">El Belus ayr\u0131ca, L\u00fcbnan\u2019daki \u0130lerici Sosyalist Parti&#8217;nin eski lideri Velid Canbolat\u2019\u0131n S\u00fcveyda krizine y\u00f6nelik, Suriye\u2019nin birli\u011fini ve egemenli\u011fini destekleyen, d\u0131\u015f m\u00fcdahaleye ve b\u00f6l\u00fcnmeye kar\u015f\u0131 olan tutumunu takdir etti.<\/p>\n","protected":false},"excerpt":{"rendered":"<p>\u015eAM (SANA) \u2013 Onur adamlar\u0131 Hareketi\u2019nin \u201cRical El Kerame\u201d lideri \u015eeyh Leys El Belus, Suriyelilere hizmet etmeyi ve hak ile hukuk devletinin in\u015fas\u0131n\u0131 hedefleyen saf bir Suriye g\u00fcndemiyle hareket etmenin gereklili\u011fine vurgu yapt\u0131. El Belus, kapsaml\u0131 ulusal uzla\u015f\u0131 ve diyalo\u011fun, krizin \u00e7\u00f6z\u00fcm\u00fcnde ve Suriye\u2019nin korunmas\u0131nda temel yollar oldu\u011funu belirtti. El Belus, Al Arabiya kanal\u0131na yapt\u0131\u011f\u0131 &hellip;<\/p>\n","protected":false},"author":41,"featured_media":326793,"comment_status":"closed","ping_status":"closed","sticky":false,"template":"","format":"standard","meta":{"footnotes":""},"categories":[589,479,17988,478],"tags":[],"class_list":["post-326792","post","type-post","status-publish","format-standard","has-post-thumbnail","","category-haber-seridi","category-haberler-yerel","category-son-haberler","category-yerel"],"_links":{"self":[{"href":"https:\/\/archive.sana.sy\/tr\/index.php?rest_route=\/wp\/v2\/posts\/326792","targetHints":{"allow":["GET"]}}],"collection":[{"href":"https:\/\/archive.sana.sy\/tr\/index.php?rest_route=\/wp\/v2\/posts"}],"about":[{"href":"https:\/\/archive.sana.sy\/tr\/index.php?rest_route=\/wp\/v2\/types\/post"}],"author":[{"embeddable":true,"href":"https:\/\/archive.sana.sy\/tr\/index.php?rest_route=\/wp\/v2\/users\/41"}],"replies":[{"embeddable":true,"href":"https:\/\/archive.sana.sy\/tr\/index.php?rest_route=%2Fwp%2Fv2%2Fcomments&post=326792"}],"version-history":[{"count":2,"href":"https:\/\/archive.sana.sy\/tr\/index.php?rest_route=\/wp\/v2\/posts\/326792\/revisions"}],"predecessor-version":[{"id":326795,"href":"https:\/\/archive.sana.sy\/tr\/index.php?rest_route=\/wp\/v2\/posts\/326792\/revisions\/326795"}],"wp:featuredmedia":[{"embeddable":true,"href":"https:\/\/archive.sana.sy\/tr\/index.php?rest_route=\/wp\/v2\/media\/326793"}],"wp:attachment":[{"href":"https:\/\/archive.sana.sy\/tr\/index.php?rest_route=%2Fwp%2Fv2%2Fmedia&parent=326792"}],"wp:term":[{"taxonomy":"category","embeddable":true,"href":"https:\/\/archive.sana.sy\/tr\/index.php?rest_route=%2Fwp%2Fv2%2Fcategories&post=326792"},{"taxonomy":"post_tag","embeddable":true,"href":"https:\/\/archive.sana.sy\/tr\/index.php?rest_route=%2Fwp%2Fv2%2Ftags&post=326792"}],"curies":[{"name":"wp","href":"https:\/\/api.w.org\/{rel}","templated":true}]}}