{"id":326796,"date":"2025-07-31T09:29:33","date_gmt":"2025-07-31T06:29:33","guid":{"rendered":"https:\/\/sana.sy\/tr\/?p=326796"},"modified":"2025-07-31T09:29:33","modified_gmt":"2025-07-31T06:29:33","slug":"saglik-bakani-almanya-maslahatguzari-ile-ortak-is-birligi-imkanlarini-degerlendirdi","status":"publish","type":"post","link":"https:\/\/archive.sana.sy\/tr\/?p=326796","title":{"rendered":"Sa\u011fl\u0131k Bakan\u0131, Almanya Maslahatg\u00fczar\u0131 ile Ortak \u0130\u015f Birli\u011fi \u0130mkanlar\u0131n\u0131 De\u011ferlendirdi"},"content":{"rendered":"<p style=\"text-align: justify;\"><strong>\u015eAM (SANA) &#8211;\u00a0 <\/strong>Suriye Sa\u011fl\u0131k Bakan\u0131 Dr. Musab El Ali, Almanya\u2019n\u0131n \u015eam\u2019daki diplomatik misyonunun maslahatg\u00fczar\u0131 Clemens Hach ile yapt\u0131\u011f\u0131 g\u00f6r\u00fc\u015fmede, iki \u00fclke aras\u0131nda sa\u011fl\u0131k alan\u0131ndaki i\u015f birli\u011finin g\u00fc\u00e7lendirilmesine y\u00f6nelik olanaklar\u0131 de\u011ferlendirdi.<\/p>\n<p style=\"text-align: justify;\">Sa\u011fl\u0131k Bakanl\u0131\u011f\u0131 binas\u0131nda ger\u00e7ekle\u015fen g\u00f6r\u00fc\u015fmede taraflar, Suriye\u2019de sa\u011fl\u0131k sekt\u00f6r\u00fcn\u00fcn yeniden yap\u0131land\u0131r\u0131lmas\u0131, mevcut sa\u011fl\u0131k tesislerinin onar\u0131m\u0131 ve modernizasyonu gibi ba\u015fl\u0131klar \u00fczerinde durarak, bu alanlarda i\u015f birli\u011fi potansiyelini masaya yat\u0131rd\u0131.<\/p>\n<p style=\"text-align: justify;\"><img loading=\"lazy\" decoding=\"async\" class=\"size-medium wp-image-326798 alignright\" src=\"http:\/\/sana.sy\/tr\/wp-content\/uploads\/2025\/07\/11111111111-300x200.jpg\" alt=\"\" width=\"300\" height=\"200\" srcset=\"https:\/\/archive.sana.sy\/tr\/wp-content\/uploads\/2025\/07\/11111111111-300x200.jpg 300w, https:\/\/archive.sana.sy\/tr\/wp-content\/uploads\/2025\/07\/11111111111.jpg 768w\" sizes=\"auto, (max-width: 300px) 100vw, 300px\" \/>Bakan El Ali, \u00f6zellikle Almanya\u2019n\u0131n sa\u011fl\u0131k alan\u0131ndaki deneyimlerinden yararlanarak Suriyeli sa\u011fl\u0131k personelinin e\u011fitimi ve mesleki geli\u015fimi konusunda ortak projeler y\u00fcr\u00fctmenin \u00f6nemine i\u015faret ederek, bu yakla\u015f\u0131m\u0131n, sa\u011fl\u0131k hizmetlerinin kalitesini art\u0131rmada ve b\u00fct\u00fcnc\u00fcl bir sa\u011fl\u0131k sisteminin in\u015fas\u0131nda kilit rol oynayaca\u011f\u0131n\u0131 vurgulad\u0131.<\/p>\n<p style=\"text-align: justify;\">Maslahatg\u00fczar Clemens Hach ise, Almanya ile Suriye aras\u0131ndaki k\u00f6kl\u00fc ili\u015fkilerin halklar d\u00fczeyinde stratejik bir derinlik ta\u015f\u0131d\u0131\u011f\u0131na dikkat \u00e7ekerek, iki \u00fclke aras\u0131nda bilgi, tecr\u00fcbe ve yat\u0131r\u0131m alanlar\u0131nda kar\u015f\u0131l\u0131kl\u0131 al\u0131\u015fveri\u015fin art\u0131r\u0131lmas\u0131n\u0131n gereklili\u011fini ifade etti.<\/p>\n","protected":false},"excerpt":{"rendered":"<p>\u015eAM (SANA) &#8211;\u00a0 Suriye Sa\u011fl\u0131k Bakan\u0131 Dr. Musab El Ali, Almanya\u2019n\u0131n \u015eam\u2019daki diplomatik misyonunun maslahatg\u00fczar\u0131 Clemens Hach ile yapt\u0131\u011f\u0131 g\u00f6r\u00fc\u015fmede, iki \u00fclke aras\u0131nda sa\u011fl\u0131k alan\u0131ndaki i\u015f birli\u011finin g\u00fc\u00e7lendirilmesine y\u00f6nelik olanaklar\u0131 de\u011ferlendirdi. Sa\u011fl\u0131k Bakanl\u0131\u011f\u0131 binas\u0131nda ger\u00e7ekle\u015fen g\u00f6r\u00fc\u015fmede taraflar, Suriye\u2019de sa\u011fl\u0131k sekt\u00f6r\u00fcn\u00fcn yeniden yap\u0131land\u0131r\u0131lmas\u0131, mevcut sa\u011fl\u0131k tesislerinin onar\u0131m\u0131 ve modernizasyonu gibi ba\u015fl\u0131klar \u00fczerinde durarak, bu alanlarda i\u015f &hellip;<\/p>\n","protected":false},"author":39,"featured_media":326797,"comment_status":"closed","ping_status":"closed","sticky":false,"template":"","format":"standard","meta":{"footnotes":""},"categories":[589,479,17988,478],"tags":[],"class_list":["post-326796","post","type-post","status-publish","format-standard","has-post-thumbnail","","category-haber-seridi","category-haberler-yerel","category-son-haberler","category-yerel"],"_links":{"self":[{"href":"https:\/\/archive.sana.sy\/tr\/index.php?rest_route=\/wp\/v2\/posts\/326796","targetHints":{"allow":["GET"]}}],"collection":[{"href":"https:\/\/archive.sana.sy\/tr\/index.php?rest_route=\/wp\/v2\/posts"}],"about":[{"href":"https:\/\/archive.sana.sy\/tr\/index.php?rest_route=\/wp\/v2\/types\/post"}],"author":[{"embeddable":true,"href":"https:\/\/archive.sana.sy\/tr\/index.php?rest_route=\/wp\/v2\/users\/39"}],"replies":[{"embeddable":true,"href":"https:\/\/archive.sana.sy\/tr\/index.php?rest_route=%2Fwp%2Fv2%2Fcomments&post=326796"}],"version-history":[{"count":1,"href":"https:\/\/archive.sana.sy\/tr\/index.php?rest_route=\/wp\/v2\/posts\/326796\/revisions"}],"predecessor-version":[{"id":326799,"href":"https:\/\/archive.sana.sy\/tr\/index.php?rest_route=\/wp\/v2\/posts\/326796\/revisions\/326799"}],"wp:featuredmedia":[{"embeddable":true,"href":"https:\/\/archive.sana.sy\/tr\/index.php?rest_route=\/wp\/v2\/media\/326797"}],"wp:attachment":[{"href":"https:\/\/archive.sana.sy\/tr\/index.php?rest_route=%2Fwp%2Fv2%2Fmedia&parent=326796"}],"wp:term":[{"taxonomy":"category","embeddable":true,"href":"https:\/\/archive.sana.sy\/tr\/index.php?rest_route=%2Fwp%2Fv2%2Fcategories&post=326796"},{"taxonomy":"post_tag","embeddable":true,"href":"https:\/\/archive.sana.sy\/tr\/index.php?rest_route=%2Fwp%2Fv2%2Ftags&post=326796"}],"curies":[{"name":"wp","href":"https:\/\/api.w.org\/{rel}","templated":true}]}}