{"id":3268,"date":"2014-06-17T14:21:32","date_gmt":"2014-06-17T11:21:32","guid":{"rendered":"http:\/\/sanasyria.org\/tr\/?p=3268"},"modified":"2014-06-18T13:34:25","modified_gmt":"2014-06-18T10:34:25","slug":"teror-ve-destekcileri-hezimet-ustune-hezimet-yasiyorlar","status":"publish","type":"post","link":"https:\/\/archive.sana.sy\/tr\/?p=3268","title":{"rendered":"Ter\u00f6r ve Destek\u00e7ileri Hezimet \u00dcst\u00fcne Hezimet Ya\u015f\u0131yorlar"},"content":{"rendered":"<p><span style=\"color: #800000\">\u0130LLER \u2013<\/span> Bin y\u0131llardan bu yana karde\u015flik, ho\u015fg\u00f6r\u00fc, sevgi ve uygarl\u0131k timsali haline gelmi\u015f \u015fanl\u0131 vatan topraklar\u0131m\u0131za bula\u015f\u0131c\u0131 bir hastal\u0131k gibi bula\u015fan silahl\u0131 ter\u00f6r gruplar\u0131 ve destek\u00e7ileri kahraman birliklerimizin kar\u015f\u0131s\u0131nda hezimet \u00fcst\u00fcne hezimet ya\u015f\u0131yorlar.<\/p>\n<p><span style=\"color: #0000ff\">\u015eam K\u0131rsal\u0131nda Nusra ve \u0130slam Cephelerine Ba\u011fl\u0131 Ter\u00f6ristler \u00d6ld\u00fcr\u00fcld\u00fc<\/span><\/p>\n<p>Askeri bir kaynak kahraman ordu birliklerimizin \u015eam K\u0131rsal\u0131n\u0131n Do\u011fu \u011euta b\u00f6lgesinde yo\u011funla\u015ft\u0131rd\u0131klar\u0131 operasyonlar kapsam\u0131nda Nusra Cephesine ba\u011fl\u0131 ve \u00e7o\u011fu yabanc\u0131 uyruklu onlarca ter\u00f6risti \u00f6l\u00fc ve yaral\u0131 d\u00fc\u015f\u00fcrd\u00fcklerini ifade etti.<\/p>\n<p>Kefer Batna b\u00f6lgesinin bat\u0131 kesiminde meydana gelen \u00e7at\u0131\u015fmalarda Nusra Cephesine ba\u011fl\u0131 ve aralar\u0131nda \u00dcrd\u00fcnl\u00fcler de bulunan 15 ter\u00f6ristin \u00f6ld\u00fcr\u00fcld\u00fc\u011f\u00fcne i\u015faret eden kaynak; Cisreyn Beldesi yak\u0131nlar\u0131nda d\u00fczenlenen operasyonlarda ter\u00f6ristlere ait silah-m\u00fchimmat y\u00fckl\u00fc bir\u00e7ok arac\u0131n imha edilmesiyle birlikte silahl\u0131 bir ter\u00f6r grubunun b\u00fct\u00fcn \u00fcyelerinin ve eleba\u015flar\u0131n\u0131n \u00f6l\u00fc d\u00fc\u015f\u00fcr\u00fcld\u00fc\u011f\u00fcn\u00fc beyan etti.<\/p>\n<p>Duma, Adra, Harasta, Zabadani, Han el \u015eiyh belde, b\u00f6lge ve \u00e7evrelerindeki tar\u0131m arazilerinde d\u00fczenlenen operasyonlar kapsam\u0131nda bir\u00e7ok ter\u00f6r yuvas\u0131n\u0131n yok edildi\u011fine dikkat \u00e7eken kaynak; buralarda meydana gelen \u00e7at\u0131\u015fmalarda aralar\u0131nda \u0130slam Cephesine ba\u011fl\u0131 olanlar da bulunan \u00e7ok say\u0131da ter\u00f6r grubunun b\u00fct\u00fcn \u00fcyeleri ve eleba\u015flar\u0131n\u0131n \u00f6l\u00fc olarak ele ge\u00e7irildi\u011fini ibraz etti.<\/p>\n<p><span style=\"color: #0000ff\">Halep ve K\u0131rsal\u0131nda A\u011f\u0131r Makineli Ara\u00e7lar\u0131 \u0130mha Edildi<\/span><\/p>\n<p>Vatan koruyucular\u0131 ordu birliklerimiz Halep ve k\u0131rsal\u0131nda ter\u00f6r gruplar\u0131na y\u00f6nelik ba\u015far\u0131l\u0131 operasyonlar\u0131n\u0131 s\u00fcrd\u00fcr\u00fcrken Haydariye, Erbiyd, Handerat, Eys, Babiyd, Uveyca, Marei, Tel Refat, Kefar Dail, Mayer, \u015eeyh Sait ve Bostan el Kas\u0131r b\u00f6lgelerinde bir\u00e7ok ter\u00f6r yuvas\u0131n\u0131 muhtevalar\u0131yla tahrip ederken onlarca ter\u00f6risti ter\u00f6r ara\u00e7lar\u0131yla birlikte etkisiz hale getirdi.<\/p>\n<p>Askeri kaynak ordu birliklerimizin ayr\u0131ca Kveyris, Meslimiye, Enzarat, Kastello, \u015ekayf, Hahan\u0131 ve Han el Asel b\u00f6lgelerinde ter\u00f6ristlerin kulland\u0131klar\u0131 ve bir k\u0131sm\u0131 a\u011f\u0131r makineli silahlarla donat\u0131lm\u0131\u015f \u00e7ok say\u0131da arac\u0131n beraberlerinde bulunan ter\u00f6ristlerle birlikte etkisiz hale getirildiklerini s\u00f6yledi.<\/p>\n<p><span style=\"color: #0000ff\">\u0130dlib K\u0131rsal\u0131nda Nusra Cephesinin Yuvalar\u0131 \u0130mha Edildi<\/span><\/p>\n<p>Vatan koruyucular\u0131m\u0131z \u0130dlib k\u0131rsal\u0131n\u0131n Han el Subul Beldesi yak\u0131nlar\u0131nda Nusra Cephesinin bir k\u00fcmelenme yerini hedef alarak i\u00e7indeki ter\u00f6ristlerin tamam\u0131n\u0131 etkisiz hale getirdi. Operasyonda Nusra Cephesine ait olan bir k\u0131sm\u0131 a\u011f\u0131r makineli silahlarla donat\u0131lm\u0131\u015f \u00e7ok say\u0131da arac\u0131n yan\u0131 s\u0131ra bombal\u0131 eylemler i\u00e7in haz\u0131rlanan bombal\u0131 ara\u00e7lar ve cephane y\u00fckl\u00fc bir kamyon imha edildi.<\/p>\n<p>Ordu birliklerimiz ayn\u0131 zamanda \u0130dlib k\u0131rsal\u0131n\u0131n Telmenis, Maar\u015furin ve Baskala K\u00f6y\u00fc yak\u0131nlar\u0131nda bir\u00e7ok ter\u00f6r yuvas\u0131n\u0131 i\u00e7indeki ter\u00f6ristler ve ara\u00e7larla birlikte etkisiz hale getirdi.<\/p>\n<p><span style=\"color: #0000ff\">Dera ve K\u0131rsal\u0131nda Sald\u0131rganlar \u00d6l\u00fc Yaral\u0131 Eli Ge\u00e7irildi<\/span><\/p>\n<p>Ordu birliklerimiz Dera k\u0131rsal\u0131n\u0131n Enhil Beldesinde askeri bir noktaya sald\u0131r\u0131 giri\u015fiminde bulunan bir ter\u00f6r grubunun t\u00fcm \u00fcyelerini \u00f6l\u00fc yaral\u0131 ele ge\u00e7irdi.<\/p>\n<p>Yine Dera k\u0131rsal\u0131nda el Cabiye Tepesi \u2013 S\u00fckkeriye karayolu \u00fczerinde ter\u00f6ristleri ta\u015f\u0131yan bir arac\u0131 y\u00fck\u00fcyle birlikte imha eden ordu birliklerimiz \u011eaba\u011fib B\u00f6lgesi yak\u0131nlar\u0131nda 2, Varrad K\u00f6y\u00fcnde de 1 ara\u00e7lar\u0131n\u0131 yine y\u00fckleriyle birlikte imha etti.<\/p>\n<p>Ordu birliklerimiz ayn\u0131 zamanda Dera Beled, Nuayma ve Etman b\u00f6lgelerinde bir\u00e7ok ter\u00f6r yuvas\u0131n\u0131 i\u00e7inde bulunan ter\u00f6ristler, ara\u00e7lar ve cephaneyle birlikte etkisiz hale getirdi.<\/p>\n","protected":false},"excerpt":{"rendered":"<p>\u0130LLER \u2013 Bin y\u0131llardan bu yana karde\u015flik, ho\u015fg\u00f6r\u00fc, sevgi ve uygarl\u0131k timsali haline gelmi\u015f \u015fanl\u0131 vatan topraklar\u0131m\u0131za bula\u015f\u0131c\u0131 bir hastal\u0131k gibi bula\u015fan silahl\u0131 ter\u00f6r gruplar\u0131 ve destek\u00e7ileri kahraman birliklerimizin kar\u015f\u0131s\u0131nda hezimet \u00fcst\u00fcne hezimet ya\u015f\u0131yorlar. \u015eam K\u0131rsal\u0131nda Nusra ve \u0130slam Cephelerine Ba\u011fl\u0131 Ter\u00f6ristler \u00d6ld\u00fcr\u00fcld\u00fc Askeri bir kaynak kahraman ordu birliklerimizin \u015eam K\u0131rsal\u0131n\u0131n Do\u011fu \u011euta b\u00f6lgesinde yo\u011funla\u015ft\u0131rd\u0131klar\u0131 &hellip;<\/p>\n","protected":false},"author":1,"featured_media":3269,"comment_status":"closed","ping_status":"closed","sticky":false,"template":"","format":"standard","meta":{"footnotes":""},"categories":[479,575,478],"tags":[720],"class_list":["post-3268","post","type-post","status-publish","format-standard","has-post-thumbnail","","category-haberler-yerel","category-olaylar-ve-gercekler","category-yerel","tag-teror-ve-destekcileri-hezimet-ustune-hezimet-yasiyorlar"],"_links":{"self":[{"href":"https:\/\/archive.sana.sy\/tr\/index.php?rest_route=\/wp\/v2\/posts\/3268","targetHints":{"allow":["GET"]}}],"collection":[{"href":"https:\/\/archive.sana.sy\/tr\/index.php?rest_route=\/wp\/v2\/posts"}],"about":[{"href":"https:\/\/archive.sana.sy\/tr\/index.php?rest_route=\/wp\/v2\/types\/post"}],"author":[{"embeddable":true,"href":"https:\/\/archive.sana.sy\/tr\/index.php?rest_route=\/wp\/v2\/users\/1"}],"replies":[{"embeddable":true,"href":"https:\/\/archive.sana.sy\/tr\/index.php?rest_route=%2Fwp%2Fv2%2Fcomments&post=3268"}],"version-history":[{"count":0,"href":"https:\/\/archive.sana.sy\/tr\/index.php?rest_route=\/wp\/v2\/posts\/3268\/revisions"}],"wp:featuredmedia":[{"embeddable":true,"href":"https:\/\/archive.sana.sy\/tr\/index.php?rest_route=\/wp\/v2\/media\/3269"}],"wp:attachment":[{"href":"https:\/\/archive.sana.sy\/tr\/index.php?rest_route=%2Fwp%2Fv2%2Fmedia&parent=3268"}],"wp:term":[{"taxonomy":"category","embeddable":true,"href":"https:\/\/archive.sana.sy\/tr\/index.php?rest_route=%2Fwp%2Fv2%2Fcategories&post=3268"},{"taxonomy":"post_tag","embeddable":true,"href":"https:\/\/archive.sana.sy\/tr\/index.php?rest_route=%2Fwp%2Fv2%2Ftags&post=3268"}],"curies":[{"name":"wp","href":"https:\/\/api.w.org\/{rel}","templated":true}]}}