{"id":326800,"date":"2025-07-31T09:55:01","date_gmt":"2025-07-31T06:55:01","guid":{"rendered":"https:\/\/sana.sy\/tr\/?p=326800"},"modified":"2025-07-31T09:55:01","modified_gmt":"2025-07-31T06:55:01","slug":"suriye-ile-almanya-arasinda-mayin-temizligi-ve-acil-mudahale-alanlarinda-is-birligi-gorusuldu","status":"publish","type":"post","link":"https:\/\/archive.sana.sy\/tr\/?p=326800","title":{"rendered":"Suriye ile Almanya Aras\u0131nda May\u0131n Temizli\u011fi ve Acil M\u00fcdahale Alanlar\u0131nda \u0130\u015f Birli\u011fi G\u00f6r\u00fc\u015f\u00fcld\u00fc"},"content":{"rendered":"<p style=\"text-align: justify;\">\u015eAM (SANA) &#8211;\u00a0 Suriye Acil Durumlar ve Afet Y\u00f6netimi Bakan Yard\u0131mc\u0131s\u0131 Dr. Husam Hallak, Almanya\u2019n\u0131n \u015eam B\u00fcy\u00fckel\u00e7ili\u011fi Maslahatg\u00fczar\u0131 Clemens Hach ile bir araya gelerek, Suriye\u2019de may\u0131n temizli\u011fi, acil m\u00fcdahale ve erken uyar\u0131 sistemleri alanlar\u0131nda ortak i\u015f birli\u011fi imkanlar\u0131n\u0131 de\u011ferlendirdi.<\/p>\n<p style=\"text-align: justify;\">\u015eam\u2019daki bakanl\u0131k binas\u0131nda ger\u00e7ekle\u015fen toplant\u0131da, taraflar, afet ve acil durum y\u00f6netimi konusunda Almanya\u2019n\u0131n sahip oldu\u011fu ileri d\u00fczeydeki bilgi birikimi ve uygulamal\u0131 deneyimlerden yararlanma olas\u0131l\u0131klar\u0131n\u0131 ele al\u0131rken, Suriyeli sivil savunma ekiplerinin yeniden yap\u0131lanma s\u00fcrecinde \u00fcstlendi\u011fi rol ve enkaz kald\u0131rma faaliyetlerinin, etkilenen topluluklar\u0131n normal ya\u015famlar\u0131na d\u00f6nebilmesi a\u00e7\u0131s\u0131ndan ta\u015f\u0131d\u0131\u011f\u0131 hayati \u00f6neme dikkat \u00e7ektiler.<\/p>\n<p style=\"text-align: justify;\">G\u00f6r\u00fc\u015fmede, Suriye&#8217;nin g\u00fcneyindeki S\u00fcveyda ilinde ya\u015fanan talihsiz olaylar ve Bakanl\u0131\u011f\u0131n kapsaml\u0131 insani m\u00fcdahaledeki rol\u00fc, b\u00f6lge sakinlerine kurtarma ve tahliye operasyonlar\u0131nda yard\u0131mc\u0131 olunmas\u0131, bar\u0131nma, t\u0131bbi ve g\u0131da yard\u0131m\u0131 sa\u011flanmas\u0131 ve Suriye&#8217;nin g\u00fcneyinde istikrar\u0131n desteklenmesi konular\u0131 ele al\u0131nd\u0131.<\/p>\n<p style=\"text-align: justify;\">Kendi y\u00f6n\u00fcnden Dr. Hallak, sava\u015f kal\u0131nt\u0131lar\u0131n\u0131n ortadan kald\u0131r\u0131lmas\u0131 alan\u0131nda faaliyet g\u00f6steren t\u00fcm kurum ve kurulu\u015flar\u0131 tek bir \u00e7at\u0131 alt\u0131nda birle\u015ftirecek olan Ulusal May\u0131n Temizleme Merkezi\u2019ni kurmaya y\u00f6nelik bakanl\u0131k planlar\u0131n\u0131 g\u00f6zden ge\u00e7irdi.<\/p>\n<p style=\"text-align: justify;\">Dr. Halak, bu merkezin Suriye\u2019deki may\u0131n ve sava\u015f art\u0131klar\u0131n\u0131n ortadan kald\u0131r\u0131lmas\u0131nda kurumsal koordinasyonu sa\u011flamay\u0131 hedefledi\u011fini belirterek, Almanya ile bu alanda uzun vadeli, s\u00fcrd\u00fcr\u00fclebilir ve \u00e7ok y\u00f6nl\u00fc bir i\u015f birli\u011fi in\u015fa etmenin hem insan hayat\u0131n\u0131n korunmas\u0131 hem de toplumlar\u0131n iyile\u015fme s\u00fcrecinin desteklenmesi a\u00e7\u0131s\u0131ndan stratejik \u00f6neme sahip oldu\u011funu ifade etti.<\/p>\n","protected":false},"excerpt":{"rendered":"<p>\u015eAM (SANA) &#8211;\u00a0 Suriye Acil Durumlar ve Afet Y\u00f6netimi Bakan Yard\u0131mc\u0131s\u0131 Dr. Husam Hallak, Almanya\u2019n\u0131n \u015eam B\u00fcy\u00fckel\u00e7ili\u011fi Maslahatg\u00fczar\u0131 Clemens Hach ile bir araya gelerek, Suriye\u2019de may\u0131n temizli\u011fi, acil m\u00fcdahale ve erken uyar\u0131 sistemleri alanlar\u0131nda ortak i\u015f birli\u011fi imkanlar\u0131n\u0131 de\u011ferlendirdi. \u015eam\u2019daki bakanl\u0131k binas\u0131nda ger\u00e7ekle\u015fen toplant\u0131da, taraflar, afet ve acil durum y\u00f6netimi konusunda Almanya\u2019n\u0131n sahip oldu\u011fu ileri &hellip;<\/p>\n","protected":false},"author":39,"featured_media":326801,"comment_status":"closed","ping_status":"closed","sticky":false,"template":"","format":"standard","meta":{"footnotes":""},"categories":[458,589,459,17988],"tags":[],"class_list":["post-326800","post","type-post","status-publish","format-standard","has-post-thumbnail","","category-dunya1","category-haber-seridi","category-haberler-arap-uluslararasi-politika","category-son-haberler"],"_links":{"self":[{"href":"https:\/\/archive.sana.sy\/tr\/index.php?rest_route=\/wp\/v2\/posts\/326800","targetHints":{"allow":["GET"]}}],"collection":[{"href":"https:\/\/archive.sana.sy\/tr\/index.php?rest_route=\/wp\/v2\/posts"}],"about":[{"href":"https:\/\/archive.sana.sy\/tr\/index.php?rest_route=\/wp\/v2\/types\/post"}],"author":[{"embeddable":true,"href":"https:\/\/archive.sana.sy\/tr\/index.php?rest_route=\/wp\/v2\/users\/39"}],"replies":[{"embeddable":true,"href":"https:\/\/archive.sana.sy\/tr\/index.php?rest_route=%2Fwp%2Fv2%2Fcomments&post=326800"}],"version-history":[{"count":1,"href":"https:\/\/archive.sana.sy\/tr\/index.php?rest_route=\/wp\/v2\/posts\/326800\/revisions"}],"predecessor-version":[{"id":326802,"href":"https:\/\/archive.sana.sy\/tr\/index.php?rest_route=\/wp\/v2\/posts\/326800\/revisions\/326802"}],"wp:featuredmedia":[{"embeddable":true,"href":"https:\/\/archive.sana.sy\/tr\/index.php?rest_route=\/wp\/v2\/media\/326801"}],"wp:attachment":[{"href":"https:\/\/archive.sana.sy\/tr\/index.php?rest_route=%2Fwp%2Fv2%2Fmedia&parent=326800"}],"wp:term":[{"taxonomy":"category","embeddable":true,"href":"https:\/\/archive.sana.sy\/tr\/index.php?rest_route=%2Fwp%2Fv2%2Fcategories&post=326800"},{"taxonomy":"post_tag","embeddable":true,"href":"https:\/\/archive.sana.sy\/tr\/index.php?rest_route=%2Fwp%2Fv2%2Ftags&post=326800"}],"curies":[{"name":"wp","href":"https:\/\/api.w.org\/{rel}","templated":true}]}}