{"id":326803,"date":"2025-07-31T10:29:40","date_gmt":"2025-07-31T07:29:40","guid":{"rendered":"https:\/\/sana.sy\/tr\/?p=326803"},"modified":"2025-07-31T10:29:40","modified_gmt":"2025-07-31T07:29:40","slug":"turkiye-milli-guvenlik-kurulu-suriye-hukumetine-ulkenin-birligi-ve-istikrarini-saglama-cabalarinda-destegimiz-surecek","status":"publish","type":"post","link":"https:\/\/archive.sana.sy\/tr\/?p=326803","title":{"rendered":"T\u00fcrkiye Milli G\u00fcvenlik Kurulu: Suriye H\u00fck\u00fcmetine, \u00dclkenin Birli\u011fi ve \u0130stikrar\u0131n\u0131 Sa\u011flama \u00c7abalar\u0131nda Deste\u011fimiz S\u00fcrecek"},"content":{"rendered":"<p style=\"text-align: justify;\"><strong>ANKARA (SANA) &#8211;\u00a0<\/strong>T\u00fcrkiye Milli G\u00fcvenlik Kurulu, Suriye h\u00fck\u00fcmetinin \u00fclkenin birli\u011fini, toprak b\u00fct\u00fcnl\u00fc\u011f\u00fcn\u00fc ve istikrar\u0131n\u0131 temin etme y\u00f6n\u00fcndeki \u00e7abalar\u0131na verilen deste\u011fin kararl\u0131l\u0131kla s\u00fcrd\u00fcr\u00fclece\u011fini teyit etti.<\/p>\n<p style=\"text-align: justify;\">Anadolu Ajans\u0131\u2019n\u0131n aktard\u0131\u011f\u0131na g\u00f6re, Cumhurba\u015fkan\u0131 Recep Tayyip Erdo\u011fan ba\u015fkanl\u0131\u011f\u0131nda toplanan Milli G\u00fcvenlik Kurulu, yapt\u0131\u011f\u0131 ortak a\u00e7\u0131klamada, Suriye\u2019nin egemenli\u011fine y\u00f6nelik sald\u0131r\u0131lar\u0131n ve i\u015fgal giri\u015fimlerinin engellenmesinin yan\u0131 s\u0131ra ayr\u0131l\u0131k\u00e7\u0131 ve y\u0131k\u0131c\u0131 t\u00fcm faaliyetlerin T\u00fcrkiye i\u00e7in en y\u00fcksek \u00f6ncelik ta\u015f\u0131d\u0131\u011f\u0131n\u0131 ifade etti.<\/p>\n<p style=\"text-align: justify;\">Kurul ayr\u0131ca, uluslararas\u0131 toplumu, \u0130srail\u2019in Gazze\u2019de ger\u00e7ekle\u015ftirdi\u011fi soyk\u0131r\u0131m ve insanl\u0131\u011fa kar\u015f\u0131 i\u015flenen su\u00e7larla b\u00f6lgeyi u\u00e7uruma s\u00fcr\u00fckleme giri\u015fimlerini durdurmak i\u00e7in acilen harekete ge\u00e7meye \u00e7a\u011f\u0131rd\u0131.<\/p>\n","protected":false},"excerpt":{"rendered":"<p>ANKARA (SANA) &#8211;\u00a0T\u00fcrkiye Milli G\u00fcvenlik Kurulu, Suriye h\u00fck\u00fcmetinin \u00fclkenin birli\u011fini, toprak b\u00fct\u00fcnl\u00fc\u011f\u00fcn\u00fc ve istikrar\u0131n\u0131 temin etme y\u00f6n\u00fcndeki \u00e7abalar\u0131na verilen deste\u011fin kararl\u0131l\u0131kla s\u00fcrd\u00fcr\u00fclece\u011fini teyit etti. Anadolu Ajans\u0131\u2019n\u0131n aktard\u0131\u011f\u0131na g\u00f6re, Cumhurba\u015fkan\u0131 Recep Tayyip Erdo\u011fan ba\u015fkanl\u0131\u011f\u0131nda toplanan Milli G\u00fcvenlik Kurulu, yapt\u0131\u011f\u0131 ortak a\u00e7\u0131klamada, Suriye\u2019nin egemenli\u011fine y\u00f6nelik sald\u0131r\u0131lar\u0131n ve i\u015fgal giri\u015fimlerinin engellenmesinin yan\u0131 s\u0131ra ayr\u0131l\u0131k\u00e7\u0131 ve y\u0131k\u0131c\u0131 t\u00fcm faaliyetlerin &hellip;<\/p>\n","protected":false},"author":39,"featured_media":326804,"comment_status":"closed","ping_status":"closed","sticky":false,"template":"","format":"standard","meta":{"footnotes":""},"categories":[458,589,459,17988],"tags":[],"class_list":["post-326803","post","type-post","status-publish","format-standard","has-post-thumbnail","","category-dunya1","category-haber-seridi","category-haberler-arap-uluslararasi-politika","category-son-haberler"],"_links":{"self":[{"href":"https:\/\/archive.sana.sy\/tr\/index.php?rest_route=\/wp\/v2\/posts\/326803","targetHints":{"allow":["GET"]}}],"collection":[{"href":"https:\/\/archive.sana.sy\/tr\/index.php?rest_route=\/wp\/v2\/posts"}],"about":[{"href":"https:\/\/archive.sana.sy\/tr\/index.php?rest_route=\/wp\/v2\/types\/post"}],"author":[{"embeddable":true,"href":"https:\/\/archive.sana.sy\/tr\/index.php?rest_route=\/wp\/v2\/users\/39"}],"replies":[{"embeddable":true,"href":"https:\/\/archive.sana.sy\/tr\/index.php?rest_route=%2Fwp%2Fv2%2Fcomments&post=326803"}],"version-history":[{"count":1,"href":"https:\/\/archive.sana.sy\/tr\/index.php?rest_route=\/wp\/v2\/posts\/326803\/revisions"}],"predecessor-version":[{"id":326805,"href":"https:\/\/archive.sana.sy\/tr\/index.php?rest_route=\/wp\/v2\/posts\/326803\/revisions\/326805"}],"wp:featuredmedia":[{"embeddable":true,"href":"https:\/\/archive.sana.sy\/tr\/index.php?rest_route=\/wp\/v2\/media\/326804"}],"wp:attachment":[{"href":"https:\/\/archive.sana.sy\/tr\/index.php?rest_route=%2Fwp%2Fv2%2Fmedia&parent=326803"}],"wp:term":[{"taxonomy":"category","embeddable":true,"href":"https:\/\/archive.sana.sy\/tr\/index.php?rest_route=%2Fwp%2Fv2%2Fcategories&post=326803"},{"taxonomy":"post_tag","embeddable":true,"href":"https:\/\/archive.sana.sy\/tr\/index.php?rest_route=%2Fwp%2Fv2%2Ftags&post=326803"}],"curies":[{"name":"wp","href":"https:\/\/api.w.org\/{rel}","templated":true}]}}