{"id":326806,"date":"2025-07-31T12:00:54","date_gmt":"2025-07-31T09:00:54","guid":{"rendered":"https:\/\/sana.sy\/tr\/?p=326806"},"modified":"2025-07-31T12:04:08","modified_gmt":"2025-07-31T09:04:08","slug":"insani-yardim-konvoyu-samdan-suveydaya-etkilenen-ailelere-destek-olmak-uzere-yola-cikti","status":"publish","type":"post","link":"https:\/\/archive.sana.sy\/tr\/?p=326806","title":{"rendered":"\u0130nsani Yard\u0131m Konvoyu, \u015eam&#8217;dan S\u00fcveyda&#8217;ya, Etkilenen Ailelere Destek Olmak \u00dczere Yola \u00c7\u0131kt\u0131"},"content":{"rendered":"<p style=\"text-align: justify;\"><strong>\u015eAM (SANA) &#8211; <\/strong>SANA muhabiri, Suriye Arap K\u0131z\u0131lay\u0131 \u00f6nc\u00fcl\u00fc\u011f\u00fcnde ve \u00e7e\u015fitli BM kurulu\u015flar\u0131yla i\u015f birli\u011fi i\u00e7inde, ba\u015fkent \u015eam&#8217;dan Dera k\u0131rsal\u0131ndaki Busra El \u015eam istikametinden S\u00fcveyda iline do\u011fru bug\u00fcn yeni bir insani yard\u0131m konvoyunun yola \u00e7\u0131kt\u0131\u011f\u0131n\u0131 bildirdi.<\/p>\n<p style=\"text-align: justify;\">Bu insani giri\u015fim, etkilenen ailelere y\u00f6nelik yard\u0131m \u00e7al\u0131\u015fmalar\u0131n\u0131 g\u00fc\u00e7lendirmek ve temel ihtiya\u00e7lar\u0131n\u0131 kar\u015f\u0131lamak amac\u0131yla s\u00fcrd\u00fcr\u00fclen devaml\u0131 \u00e7abalar\u0131n bir par\u00e7as\u0131 olarak ger\u00e7ekle\u015ftiriliyor.<\/p>\n<div id='gallery-1' class='gallery galleryid-326806 gallery-columns-1 gallery-size-full'><figure class='gallery-item'>\n\t\t\t<div class='gallery-icon landscape'>\n\t\t\t\t<a href='https:\/\/archive.sana.sy\/tr\/wp-content\/uploads\/2025\/07\/WSS5942-scaled-1.jpg'><img loading=\"lazy\" decoding=\"async\" width=\"2560\" height=\"1719\" src=\"https:\/\/archive.sana.sy\/tr\/wp-content\/uploads\/2025\/07\/WSS5942-scaled-1.jpg\" class=\"attachment-full size-full\" alt=\"\" srcset=\"https:\/\/archive.sana.sy\/tr\/wp-content\/uploads\/2025\/07\/WSS5942-scaled-1.jpg 2560w, https:\/\/archive.sana.sy\/tr\/wp-content\/uploads\/2025\/07\/WSS5942-scaled-1-300x201.jpg 300w, https:\/\/archive.sana.sy\/tr\/wp-content\/uploads\/2025\/07\/WSS5942-scaled-1-1024x688.jpg 1024w, https:\/\/archive.sana.sy\/tr\/wp-content\/uploads\/2025\/07\/WSS5942-scaled-1-768x516.jpg 768w, https:\/\/archive.sana.sy\/tr\/wp-content\/uploads\/2025\/07\/WSS5942-scaled-1-1536x1031.jpg 1536w, https:\/\/archive.sana.sy\/tr\/wp-content\/uploads\/2025\/07\/WSS5942-scaled-1-2048x1375.jpg 2048w, https:\/\/archive.sana.sy\/tr\/wp-content\/uploads\/2025\/07\/WSS5942-scaled-1-110x75.jpg 110w\" sizes=\"auto, (max-width: 2560px) 100vw, 2560px\" \/><\/a>\n\t\t\t<\/div><\/figure><figure class='gallery-item'>\n\t\t\t<div class='gallery-icon landscape'>\n\t\t\t\t<a href='https:\/\/archive.sana.sy\/tr\/wp-content\/uploads\/2025\/07\/WSS5947-scaled-1.jpg'><img loading=\"lazy\" decoding=\"async\" width=\"2560\" height=\"1684\" src=\"https:\/\/archive.sana.sy\/tr\/wp-content\/uploads\/2025\/07\/WSS5947-scaled-1.jpg\" class=\"attachment-full size-full\" alt=\"\" srcset=\"https:\/\/archive.sana.sy\/tr\/wp-content\/uploads\/2025\/07\/WSS5947-scaled-1.jpg 2560w, https:\/\/archive.sana.sy\/tr\/wp-content\/uploads\/2025\/07\/WSS5947-scaled-1-300x197.jpg 300w, https:\/\/archive.sana.sy\/tr\/wp-content\/uploads\/2025\/07\/WSS5947-scaled-1-1024x674.jpg 1024w, https:\/\/archive.sana.sy\/tr\/wp-content\/uploads\/2025\/07\/WSS5947-scaled-1-768x505.jpg 768w, https:\/\/archive.sana.sy\/tr\/wp-content\/uploads\/2025\/07\/WSS5947-scaled-1-1536x1010.jpg 1536w, https:\/\/archive.sana.sy\/tr\/wp-content\/uploads\/2025\/07\/WSS5947-scaled-1-2048x1347.jpg 2048w, https:\/\/archive.sana.sy\/tr\/wp-content\/uploads\/2025\/07\/WSS5947-scaled-1-310x205.jpg 310w\" sizes=\"auto, (max-width: 2560px) 100vw, 2560px\" \/><\/a>\n\t\t\t<\/div><\/figure><figure class='gallery-item'>\n\t\t\t<div class='gallery-icon landscape'>\n\t\t\t\t<a href='https:\/\/archive.sana.sy\/tr\/wp-content\/uploads\/2025\/07\/WSS5972-scaled-1.jpg'><img loading=\"lazy\" decoding=\"async\" width=\"2560\" height=\"1667\" src=\"https:\/\/archive.sana.sy\/tr\/wp-content\/uploads\/2025\/07\/WSS5972-scaled-1.jpg\" class=\"attachment-full size-full\" alt=\"\" srcset=\"https:\/\/archive.sana.sy\/tr\/wp-content\/uploads\/2025\/07\/WSS5972-scaled-1.jpg 2560w, https:\/\/archive.sana.sy\/tr\/wp-content\/uploads\/2025\/07\/WSS5972-scaled-1-300x195.jpg 300w, https:\/\/archive.sana.sy\/tr\/wp-content\/uploads\/2025\/07\/WSS5972-scaled-1-1024x667.jpg 1024w, https:\/\/archive.sana.sy\/tr\/wp-content\/uploads\/2025\/07\/WSS5972-scaled-1-768x500.jpg 768w, https:\/\/archive.sana.sy\/tr\/wp-content\/uploads\/2025\/07\/WSS5972-scaled-1-1536x1000.jpg 1536w, https:\/\/archive.sana.sy\/tr\/wp-content\/uploads\/2025\/07\/WSS5972-scaled-1-2048x1334.jpg 2048w\" sizes=\"auto, (max-width: 2560px) 100vw, 2560px\" \/><\/a>\n\t\t\t<\/div><\/figure>\n\t\t<\/div>\n\n","protected":false},"excerpt":{"rendered":"<p>\u015eAM (SANA) &#8211; SANA muhabiri, Suriye Arap K\u0131z\u0131lay\u0131 \u00f6nc\u00fcl\u00fc\u011f\u00fcnde ve \u00e7e\u015fitli BM kurulu\u015flar\u0131yla i\u015f birli\u011fi i\u00e7inde, ba\u015fkent \u015eam&#8217;dan Dera k\u0131rsal\u0131ndaki Busra El \u015eam istikametinden S\u00fcveyda iline do\u011fru bug\u00fcn yeni bir insani yard\u0131m konvoyunun yola \u00e7\u0131kt\u0131\u011f\u0131n\u0131 bildirdi. Bu insani giri\u015fim, etkilenen ailelere y\u00f6nelik yard\u0131m \u00e7al\u0131\u015fmalar\u0131n\u0131 g\u00fc\u00e7lendirmek ve temel ihtiya\u00e7lar\u0131n\u0131 kar\u015f\u0131lamak amac\u0131yla s\u00fcrd\u00fcr\u00fclen devaml\u0131 \u00e7abalar\u0131n bir par\u00e7as\u0131 &hellip;<\/p>\n","protected":false},"author":39,"featured_media":326807,"comment_status":"closed","ping_status":"closed","sticky":false,"template":"","format":"standard","meta":{"footnotes":""},"categories":[596,589,479,17988,478],"tags":[],"class_list":["post-326806","post","type-post","status-publish","format-standard","has-post-thumbnail","","category-fotografli-raporlar","category-haber-seridi","category-haberler-yerel","category-son-haberler","category-yerel"],"_links":{"self":[{"href":"https:\/\/archive.sana.sy\/tr\/index.php?rest_route=\/wp\/v2\/posts\/326806","targetHints":{"allow":["GET"]}}],"collection":[{"href":"https:\/\/archive.sana.sy\/tr\/index.php?rest_route=\/wp\/v2\/posts"}],"about":[{"href":"https:\/\/archive.sana.sy\/tr\/index.php?rest_route=\/wp\/v2\/types\/post"}],"author":[{"embeddable":true,"href":"https:\/\/archive.sana.sy\/tr\/index.php?rest_route=\/wp\/v2\/users\/39"}],"replies":[{"embeddable":true,"href":"https:\/\/archive.sana.sy\/tr\/index.php?rest_route=%2Fwp%2Fv2%2Fcomments&post=326806"}],"version-history":[{"count":1,"href":"https:\/\/archive.sana.sy\/tr\/index.php?rest_route=\/wp\/v2\/posts\/326806\/revisions"}],"predecessor-version":[{"id":326815,"href":"https:\/\/archive.sana.sy\/tr\/index.php?rest_route=\/wp\/v2\/posts\/326806\/revisions\/326815"}],"wp:featuredmedia":[{"embeddable":true,"href":"https:\/\/archive.sana.sy\/tr\/index.php?rest_route=\/wp\/v2\/media\/326807"}],"wp:attachment":[{"href":"https:\/\/archive.sana.sy\/tr\/index.php?rest_route=%2Fwp%2Fv2%2Fmedia&parent=326806"}],"wp:term":[{"taxonomy":"category","embeddable":true,"href":"https:\/\/archive.sana.sy\/tr\/index.php?rest_route=%2Fwp%2Fv2%2Fcategories&post=326806"},{"taxonomy":"post_tag","embeddable":true,"href":"https:\/\/archive.sana.sy\/tr\/index.php?rest_route=%2Fwp%2Fv2%2Ftags&post=326806"}],"curies":[{"name":"wp","href":"https:\/\/api.w.org\/{rel}","templated":true}]}}