{"id":326818,"date":"2025-07-31T11:19:15","date_gmt":"2025-07-31T08:19:15","guid":{"rendered":"https:\/\/sana.sy\/tr\/?p=326818"},"modified":"2025-07-31T11:24:41","modified_gmt":"2025-07-31T08:24:41","slug":"sana-muhabiri-disisleri-bakani-assad-hasan-el-seybani-ve-beraberindeki-heyet-rus-mevkidasi-sergey-lavrov-ile-gorusmek-uzere-moskovadaki-rusya-disisleri-bakanligi-konukevine-geldi","status":"publish","type":"post","link":"https:\/\/archive.sana.sy\/tr\/?p=326818","title":{"rendered":"SANA muhabiri: D\u0131\u015fi\u015fleri Bakan\u0131 Assad Hasan El \u015eeybani ve beraberindeki heyet, Rus mevkida\u015f\u0131 Sergey Lavrov ile g\u00f6r\u00fc\u015fmek \u00fczere Moskova&#8217;daki Rusya D\u0131\u015fi\u015fleri Bakanl\u0131\u011f\u0131 konukevine geldi."},"content":{"rendered":"","protected":false},"excerpt":{"rendered":"","protected":false},"author":39,"featured_media":0,"comment_status":"closed","ping_status":"closed","sticky":false,"template":"","format":"standard","meta":{"footnotes":""},"categories":[1],"tags":[],"class_list":["post-326818","post","type-post","status-publish","format-standard","","category-news-not-sorted"],"_links":{"self":[{"href":"https:\/\/archive.sana.sy\/tr\/index.php?rest_route=\/wp\/v2\/posts\/326818","targetHints":{"allow":["GET"]}}],"collection":[{"href":"https:\/\/archive.sana.sy\/tr\/index.php?rest_route=\/wp\/v2\/posts"}],"about":[{"href":"https:\/\/archive.sana.sy\/tr\/index.php?rest_route=\/wp\/v2\/types\/post"}],"author":[{"embeddable":true,"href":"https:\/\/archive.sana.sy\/tr\/index.php?rest_route=\/wp\/v2\/users\/39"}],"replies":[{"embeddable":true,"href":"https:\/\/archive.sana.sy\/tr\/index.php?rest_route=%2Fwp%2Fv2%2Fcomments&post=326818"}],"version-history":[{"count":1,"href":"https:\/\/archive.sana.sy\/tr\/index.php?rest_route=\/wp\/v2\/posts\/326818\/revisions"}],"predecessor-version":[{"id":326819,"href":"https:\/\/archive.sana.sy\/tr\/index.php?rest_route=\/wp\/v2\/posts\/326818\/revisions\/326819"}],"wp:attachment":[{"href":"https:\/\/archive.sana.sy\/tr\/index.php?rest_route=%2Fwp%2Fv2%2Fmedia&parent=326818"}],"wp:term":[{"taxonomy":"category","embeddable":true,"href":"https:\/\/archive.sana.sy\/tr\/index.php?rest_route=%2Fwp%2Fv2%2Fcategories&post=326818"},{"taxonomy":"post_tag","embeddable":true,"href":"https:\/\/archive.sana.sy\/tr\/index.php?rest_route=%2Fwp%2Fv2%2Ftags&post=326818"}],"curies":[{"name":"wp","href":"https:\/\/api.w.org\/{rel}","templated":true}]}}