{"id":326821,"date":"2025-07-31T11:25:52","date_gmt":"2025-07-31T08:25:52","guid":{"rendered":"https:\/\/sana.sy\/tr\/?p=326821"},"modified":"2025-07-31T11:25:52","modified_gmt":"2025-07-31T08:25:52","slug":"urdun-disisleri-bakanligi-suriyenin-suveydeden-112-urdun-vatandasi-ve-dost-ulkelerin-vatandaslari-koordineli-bir-sekilde-tahliye-edildi","status":"publish","type":"post","link":"https:\/\/archive.sana.sy\/tr\/?p=326821","title":{"rendered":"\u00dcrd\u00fcn D\u0131\u015fi\u015fleri Bakanl\u0131\u011f\u0131: Suriye\u2019nin S\u00fcveyde\u2019den 112 \u00dcrd\u00fcn Vatanda\u015f\u0131 ve Dost \u00dclkelerin Vatanda\u015flar\u0131 Koordineli Bir \u015eekilde Tahliye Edildi"},"content":{"rendered":"<p style=\"text-align: justify;\"><strong>AMMAN (SANA) &#8211; <\/strong>\u00dcrd\u00fcn D\u0131\u015fi\u015fleri ve Yurtd\u0131\u015f\u0131ndakiler Bakanl\u0131\u011f\u0131, karde\u015f Suriye Arap Cumhuriyeti\u2019nin S\u00fcveyde vilayetinden 112 \u00dcrd\u00fcn vatanda\u015f\u0131 ile dost \u00fclkelerin vatanda\u015flar\u0131n\u0131n, Suriye D\u0131\u015fi\u015fleri ve Yurtd\u0131\u015f\u0131ndakiler Bakanl\u0131\u011f\u0131 ve Suriye devlet kurumlar\u0131 ile koordinasyon halinde (Nesib\/Caber) s\u0131n\u0131r kap\u0131s\u0131ndan \u00dcrd\u00fcn Ha\u015fimi Krall\u0131\u011f\u0131\u2019na tahliye edildi\u011fini duyurdu.<\/p>\n<p style=\"text-align: justify;\">\u00dcrd\u00fcn resmi haber ajans\u0131 PETRA\u2019n\u0131n aktard\u0131\u011f\u0131na g\u00f6re, bakanl\u0131\u011f\u0131n resmi s\u00f6zc\u00fcs\u00fc B\u00fcy\u00fckel\u00e7i Dr. Sufyan El Kuzat, vatanda\u015flar\u0131n ve dost \u00fclke vatanda\u015flar\u0131n\u0131n \u00fclkelerinin talebi \u00fczerine tahliye i\u015flemlerinin, \u00dcrd\u00fcn Ulusal Kurumlar\u0131 ile ortak \u00e7aba kapsam\u0131nda Suriye K\u0131z\u0131lay\u0131 otob\u00fcsleriyle ger\u00e7ekle\u015ftirildi\u011fini belirtti.<\/p>\n<p style=\"text-align: justify;\">\u00dcrd\u00fcn s\u00f6zc\u00fcs\u00fc, tahliye s\u00fcrecinde Suriye\u2019nin g\u00f6sterdi\u011fi \u00e7abalar, h\u0131zl\u0131 yan\u0131t\u0131 ve i\u015f birli\u011fini vurgulayarak, vatanda\u015flar\u0131n ve dost \u00fclke vatanda\u015flar\u0131n\u0131n en k\u0131sa s\u00fcrede \u00dcrd\u00fcn\u2019e g\u00fcvenli d\u00f6n\u00fc\u015flerinin sa\u011flanmas\u0131nda sa\u011flanan kolayl\u0131klar i\u00e7in te\u015fekk\u00fcr etti.<\/p>\n","protected":false},"excerpt":{"rendered":"<p>AMMAN (SANA) &#8211; \u00dcrd\u00fcn D\u0131\u015fi\u015fleri ve Yurtd\u0131\u015f\u0131ndakiler Bakanl\u0131\u011f\u0131, karde\u015f Suriye Arap Cumhuriyeti\u2019nin S\u00fcveyde vilayetinden 112 \u00dcrd\u00fcn vatanda\u015f\u0131 ile dost \u00fclkelerin vatanda\u015flar\u0131n\u0131n, Suriye D\u0131\u015fi\u015fleri ve Yurtd\u0131\u015f\u0131ndakiler Bakanl\u0131\u011f\u0131 ve Suriye devlet kurumlar\u0131 ile koordinasyon halinde (Nesib\/Caber) s\u0131n\u0131r kap\u0131s\u0131ndan \u00dcrd\u00fcn Ha\u015fimi Krall\u0131\u011f\u0131\u2019na tahliye edildi\u011fini duyurdu. \u00dcrd\u00fcn resmi haber ajans\u0131 PETRA\u2019n\u0131n aktard\u0131\u011f\u0131na g\u00f6re, bakanl\u0131\u011f\u0131n resmi s\u00f6zc\u00fcs\u00fc B\u00fcy\u00fckel\u00e7i Dr. Sufyan &hellip;<\/p>\n","protected":false},"author":39,"featured_media":326822,"comment_status":"closed","ping_status":"closed","sticky":false,"template":"","format":"standard","meta":{"footnotes":""},"categories":[589,479,17988,478],"tags":[],"class_list":["post-326821","post","type-post","status-publish","format-standard","has-post-thumbnail","","category-haber-seridi","category-haberler-yerel","category-son-haberler","category-yerel"],"_links":{"self":[{"href":"https:\/\/archive.sana.sy\/tr\/index.php?rest_route=\/wp\/v2\/posts\/326821","targetHints":{"allow":["GET"]}}],"collection":[{"href":"https:\/\/archive.sana.sy\/tr\/index.php?rest_route=\/wp\/v2\/posts"}],"about":[{"href":"https:\/\/archive.sana.sy\/tr\/index.php?rest_route=\/wp\/v2\/types\/post"}],"author":[{"embeddable":true,"href":"https:\/\/archive.sana.sy\/tr\/index.php?rest_route=\/wp\/v2\/users\/39"}],"replies":[{"embeddable":true,"href":"https:\/\/archive.sana.sy\/tr\/index.php?rest_route=%2Fwp%2Fv2%2Fcomments&post=326821"}],"version-history":[{"count":1,"href":"https:\/\/archive.sana.sy\/tr\/index.php?rest_route=\/wp\/v2\/posts\/326821\/revisions"}],"predecessor-version":[{"id":326823,"href":"https:\/\/archive.sana.sy\/tr\/index.php?rest_route=\/wp\/v2\/posts\/326821\/revisions\/326823"}],"wp:featuredmedia":[{"embeddable":true,"href":"https:\/\/archive.sana.sy\/tr\/index.php?rest_route=\/wp\/v2\/media\/326822"}],"wp:attachment":[{"href":"https:\/\/archive.sana.sy\/tr\/index.php?rest_route=%2Fwp%2Fv2%2Fmedia&parent=326821"}],"wp:term":[{"taxonomy":"category","embeddable":true,"href":"https:\/\/archive.sana.sy\/tr\/index.php?rest_route=%2Fwp%2Fv2%2Fcategories&post=326821"},{"taxonomy":"post_tag","embeddable":true,"href":"https:\/\/archive.sana.sy\/tr\/index.php?rest_route=%2Fwp%2Fv2%2Ftags&post=326821"}],"curies":[{"name":"wp","href":"https:\/\/api.w.org\/{rel}","templated":true}]}}