{"id":326850,"date":"2025-07-31T12:51:09","date_gmt":"2025-07-31T09:51:09","guid":{"rendered":"https:\/\/sana.sy\/tr\/?p=326850"},"modified":"2025-07-31T12:56:35","modified_gmt":"2025-07-31T09:56:35","slug":"lavrov-suriyede-istikrarin-saglanmasi-yonunde-suriye-hukumetinin-cabalarini-destekliyoruz-bu-cabalara-eylul-ayinda-yapilmasi-planlanan-ve-suriye-halkinin-tum-kesimlerini-temsil-etmesi-ge","status":"publish","type":"post","link":"https:\/\/archive.sana.sy\/tr\/?p=326850","title":{"rendered":"Lavrov: \u201cSuriye&#8217;de istikrar\u0131n sa\u011flanmas\u0131 y\u00f6n\u00fcnde Suriye h\u00fck\u00fcmetinin \u00e7abalar\u0131n\u0131 destekliyoruz. Bu \u00e7abalara, Eyl\u00fcl ay\u0131nda yap\u0131lmas\u0131 planlanan ve Suriye halk\u0131n\u0131n t\u00fcm kesimlerini temsil etmesi gereken Halk Meclisi se\u00e7imleri de dahildir.\u201d"},"content":{"rendered":"","protected":false},"excerpt":{"rendered":"","protected":false},"author":39,"featured_media":0,"comment_status":"closed","ping_status":"closed","sticky":false,"template":"","format":"standard","meta":{"footnotes":""},"categories":[1],"tags":[],"class_list":["post-326850","post","type-post","status-publish","format-standard","","category-news-not-sorted"],"_links":{"self":[{"href":"https:\/\/archive.sana.sy\/tr\/index.php?rest_route=\/wp\/v2\/posts\/326850","targetHints":{"allow":["GET"]}}],"collection":[{"href":"https:\/\/archive.sana.sy\/tr\/index.php?rest_route=\/wp\/v2\/posts"}],"about":[{"href":"https:\/\/archive.sana.sy\/tr\/index.php?rest_route=\/wp\/v2\/types\/post"}],"author":[{"embeddable":true,"href":"https:\/\/archive.sana.sy\/tr\/index.php?rest_route=\/wp\/v2\/users\/39"}],"replies":[{"embeddable":true,"href":"https:\/\/archive.sana.sy\/tr\/index.php?rest_route=%2Fwp%2Fv2%2Fcomments&post=326850"}],"version-history":[{"count":1,"href":"https:\/\/archive.sana.sy\/tr\/index.php?rest_route=\/wp\/v2\/posts\/326850\/revisions"}],"predecessor-version":[{"id":326851,"href":"https:\/\/archive.sana.sy\/tr\/index.php?rest_route=\/wp\/v2\/posts\/326850\/revisions\/326851"}],"wp:attachment":[{"href":"https:\/\/archive.sana.sy\/tr\/index.php?rest_route=%2Fwp%2Fv2%2Fmedia&parent=326850"}],"wp:term":[{"taxonomy":"category","embeddable":true,"href":"https:\/\/archive.sana.sy\/tr\/index.php?rest_route=%2Fwp%2Fv2%2Fcategories&post=326850"},{"taxonomy":"post_tag","embeddable":true,"href":"https:\/\/archive.sana.sy\/tr\/index.php?rest_route=%2Fwp%2Fv2%2Ftags&post=326850"}],"curies":[{"name":"wp","href":"https:\/\/api.w.org\/{rel}","templated":true}]}}