{"id":326852,"date":"2025-07-31T12:56:28","date_gmt":"2025-07-31T09:56:28","guid":{"rendered":"https:\/\/sana.sy\/tr\/?p=326852"},"modified":"2025-08-02T14:34:14","modified_gmt":"2025-08-02T11:34:14","slug":"el-seybani-moskovada-lavrov-ile-yaptigi-gorusmede-suriye-rusya-ile-saglam-iliskiler-kurmayi-dort-gozle-bekliyor-lavrov-cumhurbaskani-el-saranin-moskovadaki-rus-arap-zirvesine-katilimini-b","status":"publish","type":"post","link":"https:\/\/archive.sana.sy\/tr\/?p=326852","title":{"rendered":"El \u015eeybani: Rusya \u0130le Diyalog, Suriye&#8217;nin Egemenli\u011fini Koruyacak Yeni Ko\u015fullar\u0131n Olu\u015fturulmas\u0131 Y\u00f6n\u00fcnde Stratejik Bir Ad\u0131md\u0131r"},"content":{"rendered":"<p style=\"text-align: justify;\"><strong><span style=\"color: #ff0000;\">MOSKOVA (SANA)<\/span> &#8211; <\/strong>D\u0131\u015fi\u015fleri ve Gurbet\u00e7iler Bakan\u0131 Asaad Hasan El \u015eeybani ile Rusya D\u0131\u015fi\u015fleri Bakan\u0131 Sergey Lavrov, Suriye-Rusya aras\u0131ndaki tarihi ili\u015fkilerin derinli\u011fini vurgulayarak, kar\u015f\u0131l\u0131kl\u0131 sayg\u0131ya dayal\u0131 i\u015fbirli\u011finin g\u00fc\u00e7lendirilmesi gerekti\u011fini belirtti.<\/p>\n<p style=\"text-align: justify;\">\u0130ki taraf, halklar\u0131n \u00e7\u0131karlar\u0131n\u0131 g\u00f6zeten ikili ortakl\u0131\u011f\u0131n desteklenmesini ve d\u0131\u015f m\u00fcdahalelerin reddini yeniledi.<\/p>\n<p style=\"text-align: justify;\">Bakan El \u015eeybani, Moskova\u2019da Rus mevkida\u015f\u0131 ile ortak d\u00fczenlenen bas\u0131n toplant\u0131s\u0131nda, \u201cBug\u00fcnk\u00fc toplant\u0131m\u0131z, Suriye-Rusya ili\u015fkilerinde kritik ve tarihi bir d\u00f6n\u00fcm noktas\u0131nda ger\u00e7ekle\u015fiyor. Bu, ge\u00e7mi\u015f deneyimlerden hareketle g\u00fcn\u00fcm\u00fcz ili\u015fkilerini \u015fekillendirecek ve gelece\u011fe y\u00f6nelik net siyasi s\u0131n\u0131rlar \u00e7izecek gerekli ve planl\u0131 diyalogu ba\u015flatmak i\u00e7in \u00f6nemli bir toplant\u0131d\u0131r\u201d diyerek, \u201cKurtulu\u015fun ard\u0131ndan Suriye, halk\u0131m\u0131z\u0131n direncinden ve \u00fcst\u00fcn \u00e7\u0131karlar\u0131m\u0131zdan g\u00fc\u00e7 alan \u00fclkemizin g\u00fcc\u00fcne olan tam inan\u00e7la d\u00fcnyaya kap\u0131lar\u0131n\u0131 a\u00e7t\u0131\u201d ifadesini kulland\u0131.<\/p>\n<p style=\"text-align: justify;\"><img loading=\"lazy\" decoding=\"async\" class=\"size-full wp-image-326882 alignright\" src=\"http:\/\/sana.sy\/tr\/wp-content\/uploads\/2025\/07\/\u0627\u0644\u0634\u064a\u0628\u0627\u0646\u064a-300x168-1.jpg\" alt=\"\" width=\"300\" height=\"168\" \/>El \u015eeybani, Suriye\u2019nin adil ge\u00e7i\u015f s\u00fcrecini desteklemek i\u00e7in Rusya\u2019dan tam ve samimi i\u015fbirli\u011fi bekledi\u011fini belirterek, \u201cGe\u00e7mi\u015f d\u00f6neme dair derin yaralar ta\u015f\u0131yan Suriyelilerin ger\u00e7ekli\u011fi g\u00f6zard\u0131 edilemez; bu yaralar\u0131n sorumluluk ve \u015feffafl\u0131kla kabul edilmesi gerekir. Samimi ortakl\u0131k, zorluklar\u0131n cesaret ve bilgelikle kar\u015f\u0131lanmas\u0131n\u0131, hesap verebilirlik yollar\u0131na kat\u0131l\u0131m\u0131n ise genel ulusal uzla\u015fma ve rahatlama sa\u011flayaca\u011f\u0131n\u0131 gerektirir\u201d dedi.<\/p>\n<p style=\"text-align: justify;\">Bakan El \u015eeybani, \u201cSuriye Arap Cumhuriyeti\u2019nin tam, mutlak ve yasal egemenli\u011fi Rusya Federasyonu taraf\u0131ndan kabul edilmekte, sayg\u0131 g\u00f6rmekte ve taahh\u00fct edilmektedir; bug\u00fcn g\u00f6r\u00fc\u015fmelerimizde bu a\u00e7\u0131k\u00e7a ortaya konmu\u015ftur\u201d diyerek, iki \u00fclkenin tam egemenlik ve ulusal karar ba\u011f\u0131ms\u0131zl\u0131\u011f\u0131na dayal\u0131 ger\u00e7ek i\u015fbirli\u011fine yeni bir sayfa a\u00e7ma arzusunda oldu\u011funu vurgulad\u0131.<\/p>\n<p style=\"text-align: justify;\">Suriye\u2019nin, zay\u0131f ve ge\u00e7ersiz gerek\u00e7elerle topraklar\u0131na ve kaynaklar\u0131na y\u00f6nelik \u0130srail\u2019in tekrarlayan sald\u0131r\u0131lar\u0131 alt\u0131nda in\u015fa ve istikrara g\u00fcvenle ilerleyemeyece\u011fini belirten El \u015eeybani \u015f\u00f6yle devam etti: \u201cBu sald\u0131r\u0131lar yaln\u0131zca uluslararas\u0131 hukuk ve BM \u015eart\u0131\u2019n\u0131n a\u00e7\u0131k ihlali de\u011fil, ayn\u0131 zamanda yeniden in\u015fa s\u00fcrecini engellemekte, sivillerin ac\u0131lar\u0131n\u0131 art\u0131rmakta, \u015fiddet ve istikrars\u0131zl\u0131k d\u00f6ng\u00fcs\u00fcn\u00fc beslemektedir. Rusya\u2019dan bu sald\u0131r\u0131lar\u0131 reddetme ve Suriye\u2019nin yan\u0131nda durma taahh\u00fcd\u00fcn\u00fc ald\u0131k.\u201d<\/p>\n<p style=\"text-align: justify;\">Bakan El \u015eeybani, Suriye\u2019nin uluslararas\u0131 arenadaki konumunu belli bir eksene ba\u011fl\u0131 kalmaks\u0131z\u0131n, \u00f6ncelikle Suriye halk\u0131n\u0131n \u00e7\u0131karlar\u0131na hizmet eden \u00e7ok \u00e7e\u015fitli egemen ortakl\u0131klarla yeniden kazand\u0131\u011f\u0131n\u0131 belirtti ve Rusya\u2019n\u0131n, Suriye\u2019nin toparlanma s\u00fcrecine yap\u0131c\u0131 katk\u0131da bulunabilece\u011fini ve uluslararas\u0131 hukuk, b\u00f6lgesel istikrar ile Suriye halk\u0131n\u0131n uzun vadeli \u00e7\u0131karlar\u0131na olan ortak ba\u011fl\u0131l\u0131\u011f\u0131n\u0131 ortaya koydu\u011funu vurgulad\u0131.<\/p>\n<p style=\"text-align: justify;\">El \u015eeybani, \u201c\u0130ki devlet aras\u0131ndaki i\u015fbirli\u011fi ge\u00e7mi\u015f miras temelinde de\u011fil, kar\u015f\u0131l\u0131kl\u0131 sayg\u0131, tam egemenlik ve ortak sorumluluk esas\u0131ndad\u0131r. Rus meslekta\u015flar\u0131m\u0131za bu diyalo\u011fu Suriye\u2019nin egemenli\u011fini koruyacak, kurumlar\u0131n\u0131 in\u015fa edecek ve halk\u0131n\u0131n gelece\u011fini g\u00fcvence alt\u0131na alacak yeni \u015fartlar\u0131n olu\u015fturulmas\u0131 i\u00e7in stratejik bir ad\u0131m olarak g\u00f6r\u00fcyoruz. Suriye, uzun zorluklar t\u00fcnelinden \u00e7\u0131karak d\u00fcnyaya uzanan eliyle yeni bir sayfan\u0131n ba\u015flad\u0131\u011f\u0131n\u0131; bu sayfan\u0131n ba\u015fl\u0131\u011f\u0131 ise i\u015fbirli\u011fi, sayg\u0131 ve b\u00f6l\u00fcnemez egemenliktir\u201d dedi.<\/p>\n<p style=\"text-align: justify;\">El \u015eeybani, \u201c\u015eehitlerini anan, kanlar\u0131n\u0131 koruyan yeni bir Suriye in\u015fa ediyoruz. Bu Suriye, halk\u0131ndan ve hak etti\u011fi ayd\u0131nl\u0131k gelecek ile onurlu ya\u015famdan g\u00fc\u00e7 alan bir \u00fclkedir\u201d s\u00f6zleriyle konu\u015fmas\u0131n\u0131 tamamlad\u0131.<\/p>\n<p style=\"text-align: justify;\">Bas\u0131n mensuplar\u0131n\u0131n sorular\u0131n\u0131 yan\u0131tlayan Bakan El \u015eeybani, Suriye devletinin t\u00fcm vatanda\u015flar\u0131n\u0131 \u00fclke s\u0131n\u0131rlar\u0131 i\u00e7inde koruma sorumlulu\u011funu \u00fcstlendi\u011fini, S\u00fcveyde\u2019de ya\u015fanan olaylar\u0131n i\u00e7i\u015flerine m\u00fcdahale etmek isteyenler, \u00f6zellikle \u0130srail ve ona ba\u011fl\u0131 silahl\u0131 gruplar taraf\u0131ndan istismar edildi\u011fini belirtti.<\/p>\n<p style=\"text-align: justify;\">D\u0131\u015fi\u015fleri Bakan\u0131, \u201cSon iki haftada \u0130srail taraf\u0131ndan S\u00fcveyde\u2019de Suriye g\u00fc\u00e7lerine y\u00f6nelik sistematik bombard\u0131man oldu ve bu g\u00fc\u00e7leri geri \u00e7ekilmeye zorlad\u0131. Bu durum, S\u00fcveyde\u2019de bedeviler ile silahl\u0131 gruplar aras\u0131nda \u00e7at\u0131\u015fmalara yol a\u00e7t\u0131. \u00c7\u00f6z\u00fcm, devletin b\u00f6lgeyi korumas\u0131, sivillerin korunmas\u0131 ve silahlar\u0131n resmi kurumlarda toplanmas\u0131d\u0131r. D\u0131\u015f m\u00fcdahale sadece kaos yarat\u0131r\u201d dedi.<\/p>\n<p style=\"text-align: justify;\">El \u015eeybani, \u0130srail ile \u015fartlar\u0131n\u0131n i\u00e7i\u015flerine m\u00fcdahale edilmemesi ve az\u0131nl\u0131k kart\u0131n\u0131n kullan\u0131lmamas\u0131 oldu\u011funu, Suriye halk\u0131n\u0131n uzun s\u00fcredir i\u00e7 bar\u0131\u015f i\u00e7inde ya\u015fad\u0131\u011f\u0131n\u0131 ve devletin t\u00fcm Suriyelilerden sorumlu oldu\u011funu vurgulad\u0131. \u201cAz\u0131nl\u0131k ya da \u00e7o\u011funluk diye bir \u015fey yoktur. Bu kart\u0131 oynamak kaosa yol a\u00e7ar. Bir\u00e7ok \u00fclke Suriye\u2019nin istikrar ve g\u00fcvenli\u011fini de\u011fil, zay\u0131f ve b\u00f6l\u00fcnm\u00fc\u015f olmas\u0131n\u0131 istiyor\u201d diye ekledi.<\/p>\n<p style=\"text-align: justify;\"><img loading=\"lazy\" decoding=\"async\" class=\"size-full wp-image-326884 alignright\" src=\"http:\/\/sana.sy\/tr\/wp-content\/uploads\/2025\/07\/\u0644\u0642\u0637\u0627\u062a-1-300x225-1.jpg\" alt=\"\" width=\"300\" height=\"225\" \/>El \u015eeybani, Suriye halk\u0131n\u0131n bilincine ve devletinin hikmetine g\u00fcvendiklerini, 8 Aral\u0131k\u2019tan beri devletin Suriyelilerin birli\u011fini sa\u011flamak ve g\u00fcveni yeniden tesis etmek i\u00e7in diyalogu temel ilke olarak benimsedi\u011fini belirtirken Bakan El \u015eeybani, \u00a0\u201cMevcut h\u00fck\u00fcmet t\u00fcm kesimleri kaps\u0131yor ve yak\u0131nda olu\u015facak parlamento t\u00fcm Suriyelileri temsil edecek\u201d ifadelerini kulland\u0131.<\/p>\n<p style=\"text-align: justify;\">Devletin sivillere zarar vermeme ve vatanda\u015flar\u0131n\u0131 koruma konusunda a\u00e7\u0131k talimatlar verdi\u011fini ve S\u00fcveyde\u2019deki ihlalleri ger\u00e7ekle\u015ftirenlerin her kim olursa olsun hesap verece\u011fini ifade eden El \u015eaybani, \u0130srail m\u00fcdahalelerinin durumu zorla\u015ft\u0131rd\u0131\u011f\u0131n\u0131 s\u00f6yledi.<\/p>\n<p style=\"text-align: justify;\">D\u0131\u015fi\u015fleri El \u015eeybani, \u201cSuriye kendini yeniden in\u015fa etmek istiyor. 14 y\u0131l s\u00fcren sava\u015ftan yorulduk. \u0130\u00e7erde ve d\u0131\u015farda Suriyelileri bir araya getirmek istiyoruz. Bu da istikrar ortam\u0131 ve bir\u00e7ok dost gerektiriyor. Fakat Suriye\u2019nin g\u00fcvenli ve istikrarl\u0131 olmas\u0131n\u0131 istemeyenler var ve biz buna kesinlikle kar\u015f\u0131y\u0131z\u201d a\u00e7\u0131klamas\u0131nda da bulundu.<\/p>\n<p style=\"text-align: justify;\">Rusya D\u0131\u015fi\u015fleri Bakan\u0131 Sergey Lavrov da \u00fclkesinin Suriye toprak b\u00fct\u00fcnl\u00fc\u011f\u00fc ve egemenli\u011finin korunmas\u0131na verdi\u011fi deste\u011fi yineledi, ekonomik iyile\u015fme i\u00e7in m\u00fcmk\u00fcn olan deste\u011fi sunmaya haz\u0131r olduklar\u0131n\u0131 belirtti. \u201cSuriye topraklar\u0131n\u0131n farkl\u0131 \u00fclkeler aras\u0131ndaki jeopolitik \u00e7eki\u015fmeler ve hesapla\u015fmalar sahas\u0131 olarak kullan\u0131lmas\u0131na her zaman kar\u015f\u0131 \u00e7\u0131kt\u0131k. Bu nedenle uluslararas\u0131 toplumu, t\u0131rmanmaya yol a\u00e7an ad\u0131mlardan ka\u00e7\u0131nmaya ve Suriye\u2019de durumun yat\u0131\u015ft\u0131r\u0131lmas\u0131 i\u00e7in uluslararas\u0131 \u00e7abalar\u0131 desteklemeye \u00e7a\u011f\u0131r\u0131yoruz\u201d dedi.<\/p>\n<p style=\"text-align: justify;\">Lavrov, Rusya-Suriye diyaloglar\u0131n\u0131n her seviyede devam etmesi ve yap\u0131c\u0131 bi\u00e7imde y\u00fcr\u00fct\u00fclmesi gerekti\u011fi ortak g\u00f6r\u00fc\u015f\u00fcnde olduklar\u0131n\u0131 belirtti. \u201cSuriye, bizim i\u00e7in hem b\u00f6lgesel hem de k\u00fcresel anlamda iyi bir dosttur. \u0130\u015fbirli\u011fi, halklar\u0131m\u0131z aras\u0131nda ba\u011flar\u0131 g\u00fc\u00e7lendirmek ve kar\u015f\u0131l\u0131kl\u0131 fayda sa\u011flamak i\u00e7in \u00f6nemlidir\u201d diye ekledi.<\/p>\n<p style=\"text-align: justify;\">Bakan Lavrov, bu tutumun jeopolitik ko\u015fullardan ba\u011f\u0131ms\u0131z oldu\u011funu ve iki \u00fclke aras\u0131ndaki tarih\u00ee dostluk ve kar\u015f\u0131l\u0131kl\u0131 sayg\u0131 geleneklerine dayand\u0131\u011f\u0131n\u0131 vurgulad\u0131. \u201cBug\u00fcn Sovyetler Birli\u011fi\u2019nin Suriye ekonomisini in\u015fa etmedeki ve ulusal kadrolar\u0131 yeti\u015ftirmedeki rol\u00fcn\u00fc ve deneyimlerini an\u0131msad\u0131k. Sovyetler Birli\u011fi ve Rusya\u2019da y\u00fcksek \u00f6\u011frenim g\u00f6ren on binlerce Suriyelinin yan\u0131 s\u0131ra \u015fu anda yakla\u015f\u0131k d\u00f6rt bin Suriyeli \u00f6\u011frencinin Rusya\u2019daki y\u00fcksek\u00f6\u011fretim kurumlar\u0131nda e\u011fitim almakta oldu\u011funu da hat\u0131rlatt\u0131k\u201d dedi.<\/p>\n<p style=\"text-align: justify;\"><img loading=\"lazy\" decoding=\"async\" class=\"size-full wp-image-326885 alignright\" src=\"http:\/\/sana.sy\/tr\/wp-content\/uploads\/2025\/07\/\u0644\u0642\u0637\u0627\u062a-3-300x225-1.jpg\" alt=\"\" width=\"300\" height=\"225\" \/>Lavrov ayr\u0131ca, Moskova ile \u015eam aras\u0131ndaki ikili ili\u015fkilerin kar\u015f\u0131l\u0131kl\u0131 sayg\u0131 ve yarar temelinde geli\u015fmeye devam etti\u011fini, bakanl\u0131klar ve ilgili kurumlar aras\u0131ndaki diyalog ile diplomatik misyonlar\u0131n \u00e7al\u0131\u015fmalar\u0131n\u0131n yo\u011funla\u015ft\u0131r\u0131ld\u0131\u011f\u0131n\u0131 s\u00f6yledi.<\/p>\n<p style=\"text-align: justify;\">Suriye\u2019nin kar\u015f\u0131la\u015ft\u0131\u011f\u0131 zorluklara dikkat \u00e7eken Lavrov, s\u00fcrd\u00fcr\u00fclebilir \u00e7\u00f6z\u00fcm yolunun, t\u00fcm Suriyelilerin kat\u0131ld\u0131\u011f\u0131 geni\u015f kapsaml\u0131 ulusal bir uzla\u015f\u0131 diyalo\u011fu ile m\u00fcmk\u00fcn olaca\u011f\u0131n\u0131 belirtti. Suriye devletinin devlet kurumlar\u0131n\u0131 in\u015fa etme ve zaman\u0131nda Halk Meclisi se\u00e7imleri yapma ad\u0131mlar\u0131n\u0131 takdir etti.<\/p>\n<p style=\"text-align: justify;\">Lavrov, \u201cSuriye k\u0131y\u0131s\u0131ndaki geli\u015fmeleri ve S\u00fcveyde\u2019deki k\u00f6t\u00fcle\u015fen durumu konu\u015ftuk. Uluslararas\u0131 K\u0131z\u0131lha\u00e7 Komitesi\u2019nin S\u00fcveyde \u015fehriyle ilgili giri\u015fimini, Suriye h\u00fck\u00fcmetiyle uyum i\u00e7inde destekledi\u011fimizi ifade ediyoruz. Suriye\u2019nin bu zorluklar\u0131 a\u015fmas\u0131 i\u00e7in yard\u0131m sa\u011flamay\u0131 kararla\u015ft\u0131rd\u0131k\u201d dedi. Ayr\u0131ca, Rus diplomatlar ve vatanda\u015flara g\u00fcvenlik ve koruma sa\u011flamak i\u00e7in Suriye devletinin att\u0131\u011f\u0131 ad\u0131mlar i\u00e7in te\u015fekk\u00fcr etti.<\/p>\n","protected":false},"excerpt":{"rendered":"<p>MOSKOVA (SANA) &#8211; D\u0131\u015fi\u015fleri ve Gurbet\u00e7iler Bakan\u0131 Asaad Hasan El \u015eeybani ile Rusya D\u0131\u015fi\u015fleri Bakan\u0131 Sergey Lavrov, Suriye-Rusya aras\u0131ndaki tarihi ili\u015fkilerin derinli\u011fini vurgulayarak, kar\u015f\u0131l\u0131kl\u0131 sayg\u0131ya dayal\u0131 i\u015fbirli\u011finin g\u00fc\u00e7lendirilmesi gerekti\u011fini belirtti. \u0130ki taraf, halklar\u0131n \u00e7\u0131karlar\u0131n\u0131 g\u00f6zeten ikili ortakl\u0131\u011f\u0131n desteklenmesini ve d\u0131\u015f m\u00fcdahalelerin reddini yeniledi. Bakan El \u015eeybani, Moskova\u2019da Rus mevkida\u015f\u0131 ile ortak d\u00fczenlenen bas\u0131n toplant\u0131s\u0131nda, \u201cBug\u00fcnk\u00fc &hellip;<\/p>\n","protected":false},"author":39,"featured_media":326858,"comment_status":"closed","ping_status":"closed","sticky":false,"template":"","format":"standard","meta":{"footnotes":""},"categories":[458,589,459,17988],"tags":[],"class_list":["post-326852","post","type-post","status-publish","format-standard","has-post-thumbnail","","category-dunya1","category-haber-seridi","category-haberler-arap-uluslararasi-politika","category-son-haberler"],"_links":{"self":[{"href":"https:\/\/archive.sana.sy\/tr\/index.php?rest_route=\/wp\/v2\/posts\/326852","targetHints":{"allow":["GET"]}}],"collection":[{"href":"https:\/\/archive.sana.sy\/tr\/index.php?rest_route=\/wp\/v2\/posts"}],"about":[{"href":"https:\/\/archive.sana.sy\/tr\/index.php?rest_route=\/wp\/v2\/types\/post"}],"author":[{"embeddable":true,"href":"https:\/\/archive.sana.sy\/tr\/index.php?rest_route=\/wp\/v2\/users\/39"}],"replies":[{"embeddable":true,"href":"https:\/\/archive.sana.sy\/tr\/index.php?rest_route=%2Fwp%2Fv2%2Fcomments&post=326852"}],"version-history":[{"count":14,"href":"https:\/\/archive.sana.sy\/tr\/index.php?rest_route=\/wp\/v2\/posts\/326852\/revisions"}],"predecessor-version":[{"id":326889,"href":"https:\/\/archive.sana.sy\/tr\/index.php?rest_route=\/wp\/v2\/posts\/326852\/revisions\/326889"}],"wp:featuredmedia":[{"embeddable":true,"href":"https:\/\/archive.sana.sy\/tr\/index.php?rest_route=\/wp\/v2\/media\/326858"}],"wp:attachment":[{"href":"https:\/\/archive.sana.sy\/tr\/index.php?rest_route=%2Fwp%2Fv2%2Fmedia&parent=326852"}],"wp:term":[{"taxonomy":"category","embeddable":true,"href":"https:\/\/archive.sana.sy\/tr\/index.php?rest_route=%2Fwp%2Fv2%2Fcategories&post=326852"},{"taxonomy":"post_tag","embeddable":true,"href":"https:\/\/archive.sana.sy\/tr\/index.php?rest_route=%2Fwp%2Fv2%2Ftags&post=326852"}],"curies":[{"name":"wp","href":"https:\/\/api.w.org\/{rel}","templated":true}]}}