{"id":326864,"date":"2025-07-31T15:15:26","date_gmt":"2025-07-31T12:15:26","guid":{"rendered":"https:\/\/sana.sy\/tr\/?p=326864"},"modified":"2025-07-31T16:34:30","modified_gmt":"2025-07-31T13:34:30","slug":"suveydaya-giden-yardim-konvoyu-busra-el-sama-ulasti","status":"publish","type":"post","link":"https:\/\/archive.sana.sy\/tr\/?p=326864","title":{"rendered":"S\u00fcveyda&#8217;ya Giden Yard\u0131m Konvoyu Busra El \u015eam&#8217;a Ula\u015ft\u0131"},"content":{"rendered":"<p style=\"text-align: justify;\"><span style=\"color: #ff0000;\"><strong>DERA (SANA) &#8211;<\/strong><\/span> Suriye Arap K\u0131z\u0131lay\u0131 taraf\u0131ndan organize edilen, Suriye h\u00fck\u00fcmetinin kolayla\u015ft\u0131r\u0131c\u0131l\u0131\u011f\u0131 ve Birle\u015fmi\u015f Milletler g\u00f6zetiminde ger\u00e7ekle\u015ftirilen S\u00fcveyda Valili\u011fine giden \u00a0insani yard\u0131m konvoyu, Dera k\u0131rsal\u0131ndaki Busra El \u015eam \u015fehrine ula\u015ft\u0131.<\/p>\n<p style=\"text-align: justify;\">Be\u015finci kez d\u00fczenlenen konvoyda, Elektrik Bakanl\u0131\u011f\u0131&#8217;na ait alt\u0131 kamyonun da aralar\u0131nda bulundu\u011fu \u00e7ok miktarda g\u0131da, t\u0131bbi ve lojistik yard\u0131m malzemesi y\u00fckl\u00fc 47 t\u0131r ile petrol \u00fcr\u00fcnleri ta\u015f\u0131yan tankerler yer al\u0131yor.<\/p>\n<p style=\"text-align: justify;\">Etkilenen ailelere y\u00f6nelik yard\u0131m \u00e7al\u0131\u015fmalar\u0131n\u0131 art\u0131rmak ve temel ihtiya\u00e7lar\u0131n\u0131 kar\u015f\u0131lamak amac\u0131yla Busra e\u015f-\u015eam \u00fczerinden S\u00fcveyda Valili\u011fi&#8217;ne konvoylar g\u00f6nderilmeye devam ediyor.<\/p>\n<div id='gallery-1' class='gallery galleryid-326864 gallery-columns-4 gallery-size-large'><figure class='gallery-item'>\n\t\t\t<div class='gallery-icon landscape'>\n\t\t\t\t<a href='https:\/\/archive.sana.sy\/tr\/?attachment_id=326866'><img loading=\"lazy\" decoding=\"async\" width=\"618\" height=\"412\" src=\"https:\/\/archive.sana.sy\/tr\/wp-content\/uploads\/2025\/07\/DJI_20250731093950_0028_D-scaled-1-1024x683.jpg\" class=\"attachment-large size-large\" alt=\"\" aria-describedby=\"gallery-1-326866\" srcset=\"https:\/\/archive.sana.sy\/tr\/wp-content\/uploads\/2025\/07\/DJI_20250731093950_0028_D-scaled-1-1024x683.jpg 1024w, https:\/\/archive.sana.sy\/tr\/wp-content\/uploads\/2025\/07\/DJI_20250731093950_0028_D-scaled-1-300x200.jpg 300w, https:\/\/archive.sana.sy\/tr\/wp-content\/uploads\/2025\/07\/DJI_20250731093950_0028_D-scaled-1-768x512.jpg 768w, https:\/\/archive.sana.sy\/tr\/wp-content\/uploads\/2025\/07\/DJI_20250731093950_0028_D-scaled-1-1536x1024.jpg 1536w, https:\/\/archive.sana.sy\/tr\/wp-content\/uploads\/2025\/07\/DJI_20250731093950_0028_D-scaled-1-2048x1366.jpg 2048w\" sizes=\"auto, (max-width: 618px) 100vw, 618px\" \/><\/a>\n\t\t\t<\/div>\n\t\t\t\t<figcaption class='wp-caption-text gallery-caption' id='gallery-1-326866'>\n\t\t\t\tdefault\n\t\t\t\t<\/figcaption><\/figure><figure class='gallery-item'>\n\t\t\t<div class='gallery-icon landscape'>\n\t\t\t\t<a href='https:\/\/archive.sana.sy\/tr\/?attachment_id=326867'><img loading=\"lazy\" decoding=\"async\" width=\"618\" height=\"412\" src=\"https:\/\/archive.sana.sy\/tr\/wp-content\/uploads\/2025\/07\/DJI_20250731094312_0037_D-scaled-1-1024x683.jpg\" class=\"attachment-large size-large\" alt=\"\" aria-describedby=\"gallery-1-326867\" srcset=\"https:\/\/archive.sana.sy\/tr\/wp-content\/uploads\/2025\/07\/DJI_20250731094312_0037_D-scaled-1-1024x683.jpg 1024w, https:\/\/archive.sana.sy\/tr\/wp-content\/uploads\/2025\/07\/DJI_20250731094312_0037_D-scaled-1-300x200.jpg 300w, https:\/\/archive.sana.sy\/tr\/wp-content\/uploads\/2025\/07\/DJI_20250731094312_0037_D-scaled-1-768x512.jpg 768w, https:\/\/archive.sana.sy\/tr\/wp-content\/uploads\/2025\/07\/DJI_20250731094312_0037_D-scaled-1-1536x1024.jpg 1536w, https:\/\/archive.sana.sy\/tr\/wp-content\/uploads\/2025\/07\/DJI_20250731094312_0037_D-scaled-1-2048x1366.jpg 2048w\" sizes=\"auto, (max-width: 618px) 100vw, 618px\" \/><\/a>\n\t\t\t<\/div>\n\t\t\t\t<figcaption class='wp-caption-text gallery-caption' id='gallery-1-326867'>\n\t\t\t\tdefault\n\t\t\t\t<\/figcaption><\/figure><figure class='gallery-item'>\n\t\t\t<div class='gallery-icon landscape'>\n\t\t\t\t<a href='https:\/\/archive.sana.sy\/tr\/?attachment_id=326868'><img loading=\"lazy\" decoding=\"async\" width=\"618\" height=\"412\" src=\"https:\/\/archive.sana.sy\/tr\/wp-content\/uploads\/2025\/07\/DJI_20250731094359_0038_D-scaled-1-1024x683.jpg\" class=\"attachment-large size-large\" alt=\"\" aria-describedby=\"gallery-1-326868\" srcset=\"https:\/\/archive.sana.sy\/tr\/wp-content\/uploads\/2025\/07\/DJI_20250731094359_0038_D-scaled-1-1024x683.jpg 1024w, https:\/\/archive.sana.sy\/tr\/wp-content\/uploads\/2025\/07\/DJI_20250731094359_0038_D-scaled-1-300x200.jpg 300w, https:\/\/archive.sana.sy\/tr\/wp-content\/uploads\/2025\/07\/DJI_20250731094359_0038_D-scaled-1-768x512.jpg 768w, https:\/\/archive.sana.sy\/tr\/wp-content\/uploads\/2025\/07\/DJI_20250731094359_0038_D-scaled-1-1536x1024.jpg 1536w, https:\/\/archive.sana.sy\/tr\/wp-content\/uploads\/2025\/07\/DJI_20250731094359_0038_D-scaled-1-2048x1366.jpg 2048w\" sizes=\"auto, (max-width: 618px) 100vw, 618px\" \/><\/a>\n\t\t\t<\/div>\n\t\t\t\t<figcaption class='wp-caption-text gallery-caption' id='gallery-1-326868'>\n\t\t\t\tdefault\n\t\t\t\t<\/figcaption><\/figure><figure class='gallery-item'>\n\t\t\t<div class='gallery-icon landscape'>\n\t\t\t\t<a href='https:\/\/archive.sana.sy\/tr\/?attachment_id=326869'><img loading=\"lazy\" decoding=\"async\" width=\"618\" height=\"412\" src=\"https:\/\/archive.sana.sy\/tr\/wp-content\/uploads\/2025\/07\/DJI_20250731094419_0039_D-scaled-1-1024x683.jpg\" class=\"attachment-large size-large\" alt=\"\" aria-describedby=\"gallery-1-326869\" srcset=\"https:\/\/archive.sana.sy\/tr\/wp-content\/uploads\/2025\/07\/DJI_20250731094419_0039_D-scaled-1-1024x683.jpg 1024w, https:\/\/archive.sana.sy\/tr\/wp-content\/uploads\/2025\/07\/DJI_20250731094419_0039_D-scaled-1-300x200.jpg 300w, https:\/\/archive.sana.sy\/tr\/wp-content\/uploads\/2025\/07\/DJI_20250731094419_0039_D-scaled-1-768x512.jpg 768w, https:\/\/archive.sana.sy\/tr\/wp-content\/uploads\/2025\/07\/DJI_20250731094419_0039_D-scaled-1-1536x1024.jpg 1536w, https:\/\/archive.sana.sy\/tr\/wp-content\/uploads\/2025\/07\/DJI_20250731094419_0039_D-scaled-1-2048x1366.jpg 2048w\" sizes=\"auto, (max-width: 618px) 100vw, 618px\" \/><\/a>\n\t\t\t<\/div>\n\t\t\t\t<figcaption class='wp-caption-text gallery-caption' id='gallery-1-326869'>\n\t\t\t\tdefault\n\t\t\t\t<\/figcaption><\/figure>\n\t\t<\/div>\n\n","protected":false},"excerpt":{"rendered":"<p>DERA (SANA) &#8211; Suriye Arap K\u0131z\u0131lay\u0131 taraf\u0131ndan organize edilen, Suriye h\u00fck\u00fcmetinin kolayla\u015ft\u0131r\u0131c\u0131l\u0131\u011f\u0131 ve Birle\u015fmi\u015f Milletler g\u00f6zetiminde ger\u00e7ekle\u015ftirilen S\u00fcveyda Valili\u011fine giden \u00a0insani yard\u0131m konvoyu, Dera k\u0131rsal\u0131ndaki Busra El \u015eam \u015fehrine ula\u015ft\u0131. Be\u015finci kez d\u00fczenlenen konvoyda, Elektrik Bakanl\u0131\u011f\u0131&#8217;na ait alt\u0131 kamyonun da aralar\u0131nda bulundu\u011fu \u00e7ok miktarda g\u0131da, t\u0131bbi ve lojistik yard\u0131m malzemesi y\u00fckl\u00fc 47 t\u0131r ile petrol &hellip;<\/p>\n","protected":false},"author":44,"featured_media":326865,"comment_status":"closed","ping_status":"closed","sticky":false,"template":"","format":"standard","meta":{"footnotes":""},"categories":[589,479,17988,478],"tags":[44128],"class_list":["post-326864","post","type-post","status-publish","format-standard","has-post-thumbnail","","category-haber-seridi","category-haberler-yerel","category-son-haberler","category-yerel","tag-suveydaya-giden-yardim-konvoyu-busra-el-sama-ulasti"],"_links":{"self":[{"href":"https:\/\/archive.sana.sy\/tr\/index.php?rest_route=\/wp\/v2\/posts\/326864","targetHints":{"allow":["GET"]}}],"collection":[{"href":"https:\/\/archive.sana.sy\/tr\/index.php?rest_route=\/wp\/v2\/posts"}],"about":[{"href":"https:\/\/archive.sana.sy\/tr\/index.php?rest_route=\/wp\/v2\/types\/post"}],"author":[{"embeddable":true,"href":"https:\/\/archive.sana.sy\/tr\/index.php?rest_route=\/wp\/v2\/users\/44"}],"replies":[{"embeddable":true,"href":"https:\/\/archive.sana.sy\/tr\/index.php?rest_route=%2Fwp%2Fv2%2Fcomments&post=326864"}],"version-history":[{"count":1,"href":"https:\/\/archive.sana.sy\/tr\/index.php?rest_route=\/wp\/v2\/posts\/326864\/revisions"}],"predecessor-version":[{"id":326870,"href":"https:\/\/archive.sana.sy\/tr\/index.php?rest_route=\/wp\/v2\/posts\/326864\/revisions\/326870"}],"wp:featuredmedia":[{"embeddable":true,"href":"https:\/\/archive.sana.sy\/tr\/index.php?rest_route=\/wp\/v2\/media\/326865"}],"wp:attachment":[{"href":"https:\/\/archive.sana.sy\/tr\/index.php?rest_route=%2Fwp%2Fv2%2Fmedia&parent=326864"}],"wp:term":[{"taxonomy":"category","embeddable":true,"href":"https:\/\/archive.sana.sy\/tr\/index.php?rest_route=%2Fwp%2Fv2%2Fcategories&post=326864"},{"taxonomy":"post_tag","embeddable":true,"href":"https:\/\/archive.sana.sy\/tr\/index.php?rest_route=%2Fwp%2Fv2%2Ftags&post=326864"}],"curies":[{"name":"wp","href":"https:\/\/api.w.org\/{rel}","templated":true}]}}