{"id":326871,"date":"2025-07-31T15:30:58","date_gmt":"2025-07-31T12:30:58","guid":{"rendered":"https:\/\/sana.sy\/tr\/?p=326871"},"modified":"2025-07-31T16:39:40","modified_gmt":"2025-07-31T13:39:40","slug":"bakan-heykal-suriye-urdun-teknoloji-sirketleri-forumu-yakinda-samda-duzenlenecek","status":"publish","type":"post","link":"https:\/\/archive.sana.sy\/tr\/?p=326871","title":{"rendered":"Bakan Heykal: Suriye-\u00dcrd\u00fcn Teknoloji \u015eirketleri Forumu Yak\u0131nda \u015eam&#8217;da D\u00fczenlenecek"},"content":{"rendered":"<p style=\"text-align: justify;\"><span style=\"color: #ff0000;\"><strong>AMMAN (SANA) &#8211;<\/strong> <\/span>Suriye Telekom\u00fcnikasyon ve Bili\u015fim Bakan\u0131 Abdulsalam Haykal, \u00dcrd\u00fcn Ha\u015fimi Krall\u0131\u011f\u0131\u2019n\u0131 ziyareti s\u0131ras\u0131nda, iki \u00fclke teknoloji sekt\u00f6rleri aras\u0131ndaki i\u015f birli\u011fini g\u00fc\u00e7lendirmek amac\u0131yla \u201cSuriye-\u00dcrd\u00fcn Teknoloji \u015eirketleri Forumu\u201dnun yak\u0131nda \u015eam\u2019da a\u00e7\u0131lmas\u0131n\u0131n haz\u0131rland\u0131\u011f\u0131n\u0131 duyurdu.<\/p>\n<p style=\"text-align: justify;\">\u00dcrd\u00fcn Dijital Ekonomi Bakan\u0131 Sami Semirat ise, \u00dcrd\u00fcn\u2019\u00fcn Suriye\u2019deki yeniden yap\u0131lanma s\u00fcrecine destek vermek i\u00e7in tecr\u00fcbelerini sunmaya haz\u0131r oldu\u011funu belirtti ve iki \u00fclke aras\u0131nda her alanda bilgi al\u0131\u015fveri\u015finin \u00f6nemini vurgulad\u0131.<\/p>\n<p style=\"text-align: justify;\">Bakan Haykal\u2019\u0131n, ge\u00e7ti\u011fimiz Pazartesi g\u00fcn\u00fc Bakan Semirat\u2019\u0131n daveti \u00fczerine ba\u015flayan \u00dcrd\u00fcn ziyareti, Suriye ve \u00dcrd\u00fcn aras\u0131nda telekom\u00fcnikasyon ve bili\u015fim alanlar\u0131nda i\u015f birli\u011finin art\u0131r\u0131lmas\u0131 \u00e7er\u00e7evesinde ger\u00e7ekle\u015fti.<\/p>\n<p style=\"text-align: justify;\">Suriye Telekom\u00fcnikasyon Bakanl\u0131\u011f\u0131\u2019n\u0131n Telegram kanal\u0131nda yay\u0131mlanan a\u00e7\u0131klamaya g\u00f6re ziyaret kapsam\u0131nda, Dijital Ekonomi Bakanl\u0131\u011f\u0131 yetkilileri ile toplant\u0131lar yap\u0131ld\u0131. Toplant\u0131larda \u00dcrd\u00fcn\u2019\u00fcn dijital d\u00f6n\u00fc\u015f\u00fcm deneyimleri, e-devlet uygulamalar\u0131, yapay zeka kullan\u0131m stratejileri ve dijital altyap\u0131n\u0131n geli\u015ftirilmesi ele al\u0131nd\u0131. Ayr\u0131ca, gen\u00e7ler aras\u0131nda teknoloji giri\u015fimcili\u011finin desteklenmesi konusunda g\u00f6r\u00fc\u015f al\u0131\u015fveri\u015finde bulunuldu.<\/p>\n","protected":false},"excerpt":{"rendered":"<p>AMMAN (SANA) &#8211; Suriye Telekom\u00fcnikasyon ve Bili\u015fim Bakan\u0131 Abdulsalam Haykal, \u00dcrd\u00fcn Ha\u015fimi Krall\u0131\u011f\u0131\u2019n\u0131 ziyareti s\u0131ras\u0131nda, iki \u00fclke teknoloji sekt\u00f6rleri aras\u0131ndaki i\u015f birli\u011fini g\u00fc\u00e7lendirmek amac\u0131yla \u201cSuriye-\u00dcrd\u00fcn Teknoloji \u015eirketleri Forumu\u201dnun yak\u0131nda \u015eam\u2019da a\u00e7\u0131lmas\u0131n\u0131n haz\u0131rland\u0131\u011f\u0131n\u0131 duyurdu. \u00dcrd\u00fcn Dijital Ekonomi Bakan\u0131 Sami Semirat ise, \u00dcrd\u00fcn\u2019\u00fcn Suriye\u2019deki yeniden yap\u0131lanma s\u00fcrecine destek vermek i\u00e7in tecr\u00fcbelerini sunmaya haz\u0131r oldu\u011funu belirtti ve iki &hellip;<\/p>\n","protected":false},"author":44,"featured_media":326872,"comment_status":"closed","ping_status":"closed","sticky":false,"template":"","format":"standard","meta":{"footnotes":""},"categories":[458,589,479,459,17988,478],"tags":[44129],"class_list":["post-326871","post","type-post","status-publish","format-standard","has-post-thumbnail","","category-dunya1","category-haber-seridi","category-haberler-yerel","category-haberler-arap-uluslararasi-politika","category-son-haberler","category-yerel","tag-bakan-heykal-suriye-urdun-teknoloji-sirketleri-forumu-yakinda-samda-duzenlenecek"],"_links":{"self":[{"href":"https:\/\/archive.sana.sy\/tr\/index.php?rest_route=\/wp\/v2\/posts\/326871","targetHints":{"allow":["GET"]}}],"collection":[{"href":"https:\/\/archive.sana.sy\/tr\/index.php?rest_route=\/wp\/v2\/posts"}],"about":[{"href":"https:\/\/archive.sana.sy\/tr\/index.php?rest_route=\/wp\/v2\/types\/post"}],"author":[{"embeddable":true,"href":"https:\/\/archive.sana.sy\/tr\/index.php?rest_route=\/wp\/v2\/users\/44"}],"replies":[{"embeddable":true,"href":"https:\/\/archive.sana.sy\/tr\/index.php?rest_route=%2Fwp%2Fv2%2Fcomments&post=326871"}],"version-history":[{"count":1,"href":"https:\/\/archive.sana.sy\/tr\/index.php?rest_route=\/wp\/v2\/posts\/326871\/revisions"}],"predecessor-version":[{"id":326873,"href":"https:\/\/archive.sana.sy\/tr\/index.php?rest_route=\/wp\/v2\/posts\/326871\/revisions\/326873"}],"wp:featuredmedia":[{"embeddable":true,"href":"https:\/\/archive.sana.sy\/tr\/index.php?rest_route=\/wp\/v2\/media\/326872"}],"wp:attachment":[{"href":"https:\/\/archive.sana.sy\/tr\/index.php?rest_route=%2Fwp%2Fv2%2Fmedia&parent=326871"}],"wp:term":[{"taxonomy":"category","embeddable":true,"href":"https:\/\/archive.sana.sy\/tr\/index.php?rest_route=%2Fwp%2Fv2%2Fcategories&post=326871"},{"taxonomy":"post_tag","embeddable":true,"href":"https:\/\/archive.sana.sy\/tr\/index.php?rest_route=%2Fwp%2Fv2%2Ftags&post=326871"}],"curies":[{"name":"wp","href":"https:\/\/api.w.org\/{rel}","templated":true}]}}