{"id":326874,"date":"2025-07-31T17:57:02","date_gmt":"2025-07-31T14:57:02","guid":{"rendered":"https:\/\/sana.sy\/tr\/?p=326874"},"modified":"2025-07-31T17:57:02","modified_gmt":"2025-07-31T14:57:02","slug":"avn-lubnan-suriye-ile-mukemmel-iliskiler-kurmak-istiyor","status":"publish","type":"post","link":"https:\/\/archive.sana.sy\/tr\/?p=326874","title":{"rendered":"Avn: L\u00fcbnan, Suriye \u0130le M\u00fckemmel \u0130li\u015fkiler Kurmak \u0130stiyor"},"content":{"rendered":"<p style=\"text-align: justify;\"><strong><span style=\"color: #ff0000;\">BEYRUT (SANA)<\/span> &#8211;<\/strong> L\u00fcbnan Cumhurba\u015fkan\u0131 Joseph Avn, \u00fclkesinin Suriye ile egemenli\u011fe sayg\u0131 ve iyi kom\u015fuluk ilkelerine dayanan m\u00fckemmel ili\u015fkiler kurmaya kararl\u0131 oldu\u011funu belirtti.<\/p>\n<p>Ordu G\u00fcn\u00fc m\u00fcnasebetiyle yapt\u0131\u011f\u0131 konu\u015fmada\u00a0 Avn, Beyrut ile \u015eam aras\u0131ndaki bekleyen dosyalar\u0131n yeniden a\u00e7\u0131lmas\u0131n\u0131n ve \u00f6zellikle yeniden imar, uyu\u015fturucuyla m\u00fccadele, ticaret ve tar\u0131m alanlar\u0131nda g\u00fcvenlik ve ekonomik koordinasyonun etkinle\u015ftirilmesinin \u00f6nemine dikkat \u00e7ekti.<\/p>\n<p style=\"text-align: justify;\">Avn ayr\u0131ca, silahlar\u0131n yaln\u0131zca L\u00fcbnan ordusu ve g\u00fcvenlik g\u00fc\u00e7lerinin elinde olmas\u0131 gerekti\u011fini yineleyerek, ulusal egemenli\u011fin korunmas\u0131n\u0131n ancak me\u015fru devlet kurumlar\u0131 arac\u0131l\u0131\u011f\u0131yla sa\u011flanabilece\u011fini ifade etti.<\/p>\n<p style=\"text-align: justify;\">Cumhurba\u015fkan\u0131 Avn, \u0130srail\u2019in Kas\u0131m 2024&#8217;teki ate\u015fkesten bu yana L\u00fcbnan egemenli\u011fini defalarca ihlal etti\u011fini belirten Avn, d\u00fc\u015fmanca eylemlerin derhal durdurulmas\u0131, \u0130srail kuvvetlerinin geri \u00e7ekilmesi ve esirlerin serbest b\u0131rak\u0131lmas\u0131 \u00e7a\u011fr\u0131s\u0131nda bulundu. Ayr\u0131ca L\u00fcbnan ordusunun finansal olarak desteklenmesi ve t\u00fcm g\u00fcvenlik sorumluluklar\u0131n\u0131n, silahl\u0131 gruplar\u0131n silahlar\u0131 da dahil olmak \u00fczere, orduya devredilmesi gerekti\u011fini vurgulad\u0131.<\/p>\n<p style=\"text-align: justify;\">L\u00fcbnan Cumhurba\u015fkan\u0131 Avn, Suriye ile kara ve deniz s\u0131n\u0131rlar\u0131n\u0131n belirlenmesi s\u00fcrecinin h\u0131zland\u0131r\u0131lmas\u0131 ve m\u00fclteci meselesinin uluslararas\u0131 toplumun deste\u011fiyle ele al\u0131nmas\u0131 \u00e7a\u011fr\u0131s\u0131nda da bulundu.<\/p>\n","protected":false},"excerpt":{"rendered":"<p>BEYRUT (SANA) &#8211; L\u00fcbnan Cumhurba\u015fkan\u0131 Joseph Avn, \u00fclkesinin Suriye ile egemenli\u011fe sayg\u0131 ve iyi kom\u015fuluk ilkelerine dayanan m\u00fckemmel ili\u015fkiler kurmaya kararl\u0131 oldu\u011funu belirtti. Ordu G\u00fcn\u00fc m\u00fcnasebetiyle yapt\u0131\u011f\u0131 konu\u015fmada\u00a0 Avn, Beyrut ile \u015eam aras\u0131ndaki bekleyen dosyalar\u0131n yeniden a\u00e7\u0131lmas\u0131n\u0131n ve \u00f6zellikle yeniden imar, uyu\u015fturucuyla m\u00fccadele, ticaret ve tar\u0131m alanlar\u0131nda g\u00fcvenlik ve ekonomik koordinasyonun etkinle\u015ftirilmesinin \u00f6nemine dikkat \u00e7ekti. &hellip;<\/p>\n","protected":false},"author":44,"featured_media":326875,"comment_status":"closed","ping_status":"closed","sticky":false,"template":"","format":"standard","meta":{"footnotes":""},"categories":[458,589,459,17988],"tags":[],"class_list":["post-326874","post","type-post","status-publish","format-standard","has-post-thumbnail","","category-dunya1","category-haber-seridi","category-haberler-arap-uluslararasi-politika","category-son-haberler"],"_links":{"self":[{"href":"https:\/\/archive.sana.sy\/tr\/index.php?rest_route=\/wp\/v2\/posts\/326874","targetHints":{"allow":["GET"]}}],"collection":[{"href":"https:\/\/archive.sana.sy\/tr\/index.php?rest_route=\/wp\/v2\/posts"}],"about":[{"href":"https:\/\/archive.sana.sy\/tr\/index.php?rest_route=\/wp\/v2\/types\/post"}],"author":[{"embeddable":true,"href":"https:\/\/archive.sana.sy\/tr\/index.php?rest_route=\/wp\/v2\/users\/44"}],"replies":[{"embeddable":true,"href":"https:\/\/archive.sana.sy\/tr\/index.php?rest_route=%2Fwp%2Fv2%2Fcomments&post=326874"}],"version-history":[{"count":1,"href":"https:\/\/archive.sana.sy\/tr\/index.php?rest_route=\/wp\/v2\/posts\/326874\/revisions"}],"predecessor-version":[{"id":326876,"href":"https:\/\/archive.sana.sy\/tr\/index.php?rest_route=\/wp\/v2\/posts\/326874\/revisions\/326876"}],"wp:featuredmedia":[{"embeddable":true,"href":"https:\/\/archive.sana.sy\/tr\/index.php?rest_route=\/wp\/v2\/media\/326875"}],"wp:attachment":[{"href":"https:\/\/archive.sana.sy\/tr\/index.php?rest_route=%2Fwp%2Fv2%2Fmedia&parent=326874"}],"wp:term":[{"taxonomy":"category","embeddable":true,"href":"https:\/\/archive.sana.sy\/tr\/index.php?rest_route=%2Fwp%2Fv2%2Fcategories&post=326874"},{"taxonomy":"post_tag","embeddable":true,"href":"https:\/\/archive.sana.sy\/tr\/index.php?rest_route=%2Fwp%2Fv2%2Ftags&post=326874"}],"curies":[{"name":"wp","href":"https:\/\/api.w.org\/{rel}","templated":true}]}}