{"id":326877,"date":"2025-07-31T18:09:18","date_gmt":"2025-07-31T15:09:18","guid":{"rendered":"https:\/\/sana.sy\/tr\/?p=326877"},"modified":"2025-07-31T18:13:35","modified_gmt":"2025-07-31T15:13:35","slug":"savunma-ve-disisleri-bakanlari-ile-istihbarat-baskani-rusya-savunma-bakani-ile-moskovada-bir-araya-geldi","status":"publish","type":"post","link":"https:\/\/archive.sana.sy\/tr\/?p=326877","title":{"rendered":"Savunma ve D\u0131\u015fi\u015fleri Bakanlar\u0131 \u0130le \u0130stihbarat Ba\u015fkan\u0131, Rusya Savunma Bakan\u0131 \u0130le Moskova&#8217;da Bir Araya Geldi"},"content":{"rendered":"<p style=\"text-align: justify;\"><span style=\"color: #ff0000;\"><strong>MOSKOVA (SANA)<\/strong> <\/span>&#8211; Savunma Bakan\u0131 T\u00fcmgeneral Murhaf Ebu Kasra, D\u0131\u015fi\u015fleri ve Gurbet\u00e7iler Bakan\u0131 Asaad Hasan El \u015eeybani ve Genel \u0130stihbarat Ba\u015fkan\u0131 H\u00fcseyin Salameh, Rusya Savunma Bakan\u0131 Andrey Belousov ile Moskova&#8217;da bir araya geldi.<\/p>\n<p style=\"text-align: justify;\">G\u00f6r\u00fc\u015fmede, Suriye-Rusya ili\u015fkilerine hizmet eden \u00e7e\u015fitli ortak askeri konular ele al\u0131nd\u0131.<\/p>\n<div id='gallery-1' class='gallery galleryid-326877 gallery-columns-1 gallery-size-full'><figure class='gallery-item'>\n\t\t\t<div class='gallery-icon landscape'>\n\t\t\t\t<a href='https:\/\/archive.sana.sy\/tr\/?attachment_id=326879'><img loading=\"lazy\" decoding=\"async\" width=\"1280\" height=\"853\" src=\"https:\/\/archive.sana.sy\/tr\/wp-content\/uploads\/2025\/07\/photo_2025-07-31_17-49-48.jpg\" class=\"attachment-full size-full\" alt=\"\" srcset=\"https:\/\/archive.sana.sy\/tr\/wp-content\/uploads\/2025\/07\/photo_2025-07-31_17-49-48.jpg 1280w, https:\/\/archive.sana.sy\/tr\/wp-content\/uploads\/2025\/07\/photo_2025-07-31_17-49-48-300x200.jpg 300w, https:\/\/archive.sana.sy\/tr\/wp-content\/uploads\/2025\/07\/photo_2025-07-31_17-49-48-1024x682.jpg 1024w, https:\/\/archive.sana.sy\/tr\/wp-content\/uploads\/2025\/07\/photo_2025-07-31_17-49-48-768x512.jpg 768w\" sizes=\"auto, (max-width: 1280px) 100vw, 1280px\" \/><\/a>\n\t\t\t<\/div><\/figure>\n\t\t<\/div>\n\n","protected":false},"excerpt":{"rendered":"<p>MOSKOVA (SANA) &#8211; Savunma Bakan\u0131 T\u00fcmgeneral Murhaf Ebu Kasra, D\u0131\u015fi\u015fleri ve Gurbet\u00e7iler Bakan\u0131 Asaad Hasan El \u015eeybani ve Genel \u0130stihbarat Ba\u015fkan\u0131 H\u00fcseyin Salameh, Rusya Savunma Bakan\u0131 Andrey Belousov ile Moskova&#8217;da bir araya geldi. G\u00f6r\u00fc\u015fmede, Suriye-Rusya ili\u015fkilerine hizmet eden \u00e7e\u015fitli ortak askeri konular ele al\u0131nd\u0131.<\/p>\n","protected":false},"author":44,"featured_media":326878,"comment_status":"closed","ping_status":"closed","sticky":false,"template":"","format":"standard","meta":{"footnotes":""},"categories":[589,479,17988,478],"tags":[44131,44130],"class_list":["post-326877","post","type-post","status-publish","format-standard","has-post-thumbnail","","category-haber-seridi","category-haberler-yerel","category-son-haberler","category-yerel","tag-rusya-savunma-bakani-ile-moskovada-bir-araya-geldi","tag-savunma-ve-disisleri-bakanlari-ile-istihbarat-baskani"],"_links":{"self":[{"href":"https:\/\/archive.sana.sy\/tr\/index.php?rest_route=\/wp\/v2\/posts\/326877","targetHints":{"allow":["GET"]}}],"collection":[{"href":"https:\/\/archive.sana.sy\/tr\/index.php?rest_route=\/wp\/v2\/posts"}],"about":[{"href":"https:\/\/archive.sana.sy\/tr\/index.php?rest_route=\/wp\/v2\/types\/post"}],"author":[{"embeddable":true,"href":"https:\/\/archive.sana.sy\/tr\/index.php?rest_route=\/wp\/v2\/users\/44"}],"replies":[{"embeddable":true,"href":"https:\/\/archive.sana.sy\/tr\/index.php?rest_route=%2Fwp%2Fv2%2Fcomments&post=326877"}],"version-history":[{"count":1,"href":"https:\/\/archive.sana.sy\/tr\/index.php?rest_route=\/wp\/v2\/posts\/326877\/revisions"}],"predecessor-version":[{"id":326880,"href":"https:\/\/archive.sana.sy\/tr\/index.php?rest_route=\/wp\/v2\/posts\/326877\/revisions\/326880"}],"wp:featuredmedia":[{"embeddable":true,"href":"https:\/\/archive.sana.sy\/tr\/index.php?rest_route=\/wp\/v2\/media\/326878"}],"wp:attachment":[{"href":"https:\/\/archive.sana.sy\/tr\/index.php?rest_route=%2Fwp%2Fv2%2Fmedia&parent=326877"}],"wp:term":[{"taxonomy":"category","embeddable":true,"href":"https:\/\/archive.sana.sy\/tr\/index.php?rest_route=%2Fwp%2Fv2%2Fcategories&post=326877"},{"taxonomy":"post_tag","embeddable":true,"href":"https:\/\/archive.sana.sy\/tr\/index.php?rest_route=%2Fwp%2Fv2%2Ftags&post=326877"}],"curies":[{"name":"wp","href":"https:\/\/api.w.org\/{rel}","templated":true}]}}