{"id":326890,"date":"2025-07-31T20:35:05","date_gmt":"2025-07-31T17:35:05","guid":{"rendered":"https:\/\/sana.sy\/tr\/?p=326890"},"modified":"2025-07-31T20:35:05","modified_gmt":"2025-07-31T17:35:05","slug":"enformasyon-bakani-israil-yeni-suriyenin-varligini-olumlu-gormuyor-parcalanmis-ve-istikrarsiz-olmasini-istiyor","status":"publish","type":"post","link":"https:\/\/archive.sana.sy\/tr\/?p=326890","title":{"rendered":"Enformasyon Bakan\u0131: \u0130srail, Yeni Suriye&#8217;nin Varl\u0131\u011f\u0131n\u0131 Olumlu G\u00f6rm\u00fcyor, Par\u00e7alanm\u0131\u015f Ve \u0130stikrars\u0131z Olmas\u0131n\u0131 \u0130stiyor"},"content":{"rendered":"<p style=\"text-align: justify;\"><span style=\"color: #ff0000;\"><strong>\u015eAM (SANA) &#8211;<\/strong><\/span> Suriye Enformasyon Bakan\u0131 Hamza Mustafa, \u0130srail\u2019in Yeni Suriye&#8217;nin varl\u0131\u011f\u0131n\u0131 olumlu bir g\u00f6zle g\u00f6rmedi\u011fini, aksine onu par\u00e7alanm\u0131\u015f ve istikrars\u0131z bir hale getirmek istedi\u011fini vurgulad\u0131.<\/p>\n<p style=\"text-align: justify;\">Bakan Mustafa, Anadolu Ajans\u0131\u2019na verdi\u011fi r\u00f6portajda, &#8220;Ne yaz\u0131k ki baz\u0131 i\u00e7 \u00e7evreler, \u0130srail&#8217;in hesaplar\u0131na oynayarak dar siyasi \u00e7\u0131karlar pe\u015finde ko\u015fuyor. Bu, neredeyse S\u00fcveyda\u2019da ya\u015fanan olaylarla birebir \u00f6rt\u00fc\u015f\u00fcyor,&#8221; ifade etti.<\/p>\n<p style=\"text-align: justify;\">Enformasyon Bakan ayr\u0131ca \u015funlar\u0131 s\u00f6yledi: &#8220;Herkes, i\u015fgal alt\u0131ndaki Filistin&#8217;deki D\u00fcrzilerin durumuna bakmal\u0131d\u0131r. \u0130srail, sadece i\u00e7lerinden bir grubu destekliyor ve bu deneyimi Suriye\u2019de de uygulamak istiyor. Oysa Suriyeli D\u00fcrzilerin b\u00fcy\u00fck \u00e7o\u011funlu\u011funun g\u00f6z\u00fc \u015eam\u2019a \u00e7evrilmi\u015f durumda.&#8221;<\/p>\n<p style=\"text-align: justify;\">Enformasyon Bakan\u0131 \u015f\u00f6yle devam etti, Suriye\u2019nin her zaman egemen ili\u015fkilere \u00f6nem verdi\u011fini belirterek, S\u00fcveyda halk\u0131na g\u00fcvendiklerini, sosyal medyada k\u0131\u015fk\u0131rtma yapanlar\u0131n \u00e7a\u011fr\u0131lar\u0131n\u0131 reddettiklerini ve hukukun d\u0131\u015f\u0131na \u00e7\u0131kanlar\u0131n mezhep\u00e7i, kantonal s\u00f6ylemlerine kar\u015f\u0131 olduklar\u0131n\u0131 vurgulad\u0131.<br \/>\nEnformasyon Bakan\u0131 ayr\u0131ca, S\u00fcveyda\u2019ya insani yard\u0131mlar\u0131n giri\u015fini engelleyen taraf\u0131n Hikmet El Hicri\u2019ye ba\u011fl\u0131 grup oldu\u011funu ifade etti. Devletin ise yard\u0131m giri\u015fini engellemesinin s\u00f6z konusu olmad\u0131\u011f\u0131n\u0131 s\u00f6yledi.<\/p>\n<p style=\"text-align: justify;\">Paris\u2019te Demokratik Suriye G\u00fc\u00e7leri (DSG) ile yap\u0131lan toplant\u0131lara ili\u015fkin konu\u015fan Bakan Mustafa, g\u00f6r\u00fc\u015fmelerin amac\u0131n\u0131n, 10 Mart\u2019ta var\u0131lan mutabakat\u0131n uygulanmas\u0131 ve gelecekteki yanl\u0131\u015f hesaplara dayal\u0131 \u00e7\u0131kmaz senaryolardan ka\u00e7\u0131nmak oldu\u011funu belirtti. Amerika Birle\u015fik Devletleri\u2019nin bu y\u00f6nde \u00e7aba g\u00f6sterdi\u011fini, T\u00fcrkiye\u2019nin de Suriye\u2019nin birli\u011fine dair net tutumunu korudu\u011funu s\u00f6yledi.<\/p>\n<p style=\"text-align: justify;\">Son olarak Bakan Mustafa, DSG i\u00e7in b\u00fcy\u00fck bir siyasi f\u0131rsat\u0131n do\u011fdu\u011funu ifade ederek, Suriye&#8217;nin gelece\u011finde etkin bir varl\u0131k g\u00f6stermelerini sa\u011flayacak anla\u015fmalara var\u0131lmas\u0131n\u0131n m\u00fcmk\u00fcn oldu\u011funu, ancak bunun \u00fc\u00e7 temel ilke etraf\u0131nda \u015fekillenmesi gerekti\u011fini vurgulad\u0131: &#8220;Tek vatan, tek h\u00fck\u00fcmet, tek ordu.&#8221;<\/p>\n","protected":false},"excerpt":{"rendered":"<p>\u015eAM (SANA) &#8211; Suriye Enformasyon Bakan\u0131 Hamza Mustafa, \u0130srail\u2019in Yeni Suriye&#8217;nin varl\u0131\u011f\u0131n\u0131 olumlu bir g\u00f6zle g\u00f6rmedi\u011fini, aksine onu par\u00e7alanm\u0131\u015f ve istikrars\u0131z bir hale getirmek istedi\u011fini vurgulad\u0131. Bakan Mustafa, Anadolu Ajans\u0131\u2019na verdi\u011fi r\u00f6portajda, &#8220;Ne yaz\u0131k ki baz\u0131 i\u00e7 \u00e7evreler, \u0130srail&#8217;in hesaplar\u0131na oynayarak dar siyasi \u00e7\u0131karlar pe\u015finde ko\u015fuyor. Bu, neredeyse S\u00fcveyda\u2019da ya\u015fanan olaylarla birebir \u00f6rt\u00fc\u015f\u00fcyor,&#8221; ifade etti. &hellip;<\/p>\n","protected":false},"author":44,"featured_media":326891,"comment_status":"closed","ping_status":"closed","sticky":false,"template":"","format":"standard","meta":{"footnotes":""},"categories":[589,479,17988,478],"tags":[44132,44134,44133],"class_list":["post-326890","post","type-post","status-publish","format-standard","has-post-thumbnail","","category-haber-seridi","category-haberler-yerel","category-son-haberler","category-yerel","tag-enformasyon-bakani-israil","tag-parcalanmis-ve-istikrarsiz-olmasini-istiyor","tag-yeni-suriyenin-varligini-olumlu-gormuyor"],"_links":{"self":[{"href":"https:\/\/archive.sana.sy\/tr\/index.php?rest_route=\/wp\/v2\/posts\/326890","targetHints":{"allow":["GET"]}}],"collection":[{"href":"https:\/\/archive.sana.sy\/tr\/index.php?rest_route=\/wp\/v2\/posts"}],"about":[{"href":"https:\/\/archive.sana.sy\/tr\/index.php?rest_route=\/wp\/v2\/types\/post"}],"author":[{"embeddable":true,"href":"https:\/\/archive.sana.sy\/tr\/index.php?rest_route=\/wp\/v2\/users\/44"}],"replies":[{"embeddable":true,"href":"https:\/\/archive.sana.sy\/tr\/index.php?rest_route=%2Fwp%2Fv2%2Fcomments&post=326890"}],"version-history":[{"count":1,"href":"https:\/\/archive.sana.sy\/tr\/index.php?rest_route=\/wp\/v2\/posts\/326890\/revisions"}],"predecessor-version":[{"id":326892,"href":"https:\/\/archive.sana.sy\/tr\/index.php?rest_route=\/wp\/v2\/posts\/326890\/revisions\/326892"}],"wp:featuredmedia":[{"embeddable":true,"href":"https:\/\/archive.sana.sy\/tr\/index.php?rest_route=\/wp\/v2\/media\/326891"}],"wp:attachment":[{"href":"https:\/\/archive.sana.sy\/tr\/index.php?rest_route=%2Fwp%2Fv2%2Fmedia&parent=326890"}],"wp:term":[{"taxonomy":"category","embeddable":true,"href":"https:\/\/archive.sana.sy\/tr\/index.php?rest_route=%2Fwp%2Fv2%2Fcategories&post=326890"},{"taxonomy":"post_tag","embeddable":true,"href":"https:\/\/archive.sana.sy\/tr\/index.php?rest_route=%2Fwp%2Fv2%2Ftags&post=326890"}],"curies":[{"name":"wp","href":"https:\/\/api.w.org\/{rel}","templated":true}]}}