{"id":326896,"date":"2025-07-31T21:58:09","date_gmt":"2025-07-31T18:58:09","guid":{"rendered":"https:\/\/sana.sy\/tr\/?p=326896"},"modified":"2025-07-31T21:58:09","modified_gmt":"2025-07-31T18:58:09","slug":"suriye-disisleri-bakanligi-putin-ile-el-seybani-arasindaki-tarihi-gorusme-suriye-ile-rusya-arasinda-yeni-bir-siyasal-ve-askeri-anlayis-doneminin-basladigini-gosterdi","status":"publish","type":"post","link":"https:\/\/archive.sana.sy\/tr\/?p=326896","title":{"rendered":"Suriye D\u0131\u015fi\u015fleri Bakanl\u0131\u011f\u0131: Putin \u0130le El \u015eeybani Aras\u0131ndaki Tarihi G\u00f6r\u00fc\u015fme, Suriye \u0130le Rusya Aras\u0131nda Yeni Bir Siyasal Ve Askeri Anlay\u0131\u015f D\u00f6neminin Ba\u015flad\u0131\u011f\u0131n\u0131 G\u00f6sterdi"},"content":{"rendered":"<p style=\"text-align: justify;\"><span style=\"color: #ff0000;\"><strong>\u015eAM (SANA) &#8211;<\/strong> <\/span>Suriye D\u0131\u015fi\u015fleri Bakanl\u0131\u011f\u0131 Medya Dairesi, Rusya Devlet Ba\u015fkan\u0131 Vladimir Putin ile Suriye D\u0131\u015fi\u015fleri Bakan\u0131 Asaad Hasan El \u015eeybani aras\u0131nda ger\u00e7ekle\u015fen tarihi g\u00f6r\u00fc\u015fmenin, iki \u00fclke aras\u0131nda Suriye&#8217;nin egemenli\u011fine sayg\u0131 ve toprak b\u00fct\u00fcnl\u00fc\u011f\u00fcn\u00fc destekleme temelinde yeni bir siyasal ve asker\u00ee anlay\u0131\u015f d\u00f6neminin ba\u015flad\u0131\u011f\u0131n\u0131 teyit etti\u011fini a\u00e7\u0131klad\u0131.<\/p>\n<p style=\"text-align: justify;\">Bakanl\u0131k taraf\u0131ndan SANA\u2019ya g\u00f6nderilen a\u00e7\u0131klamada, Ba\u015fkan Putin\u2019in \u0130srail\u2019in her t\u00fcrl\u00fc m\u00fcdahalesine ve Suriye\u2019yi b\u00f6lme giri\u015fimlerine Rusya&#8217;n\u0131n kesinlikle kar\u015f\u0131 \u00e7\u0131kt\u0131\u011f\u0131n\u0131 vurgulad\u0131\u011f\u0131, ayr\u0131ca Moskova\u2019n\u0131n Suriye\u2019ye yeniden imar s\u00fcreci ve istikrar\u0131n sa\u011flanmas\u0131 konusunda tam destek vermeyi taahh\u00fct etti\u011fi belirtildi.<\/p>\n<p style=\"text-align: justify;\">A\u00e7\u0131klamada ayr\u0131ca, D\u0131\u015fi\u015fleri Bakan\u0131 \u015eeybani&#8217;nin de Suriye&#8217;nin, halk\u0131n\u0131n \u00e7\u0131karlar\u0131n\u0131 g\u00f6zeten ve dengeli bir ortakl\u0131k perspektifi sunan yeni temeller \u00fczerine Rusya ile ili\u015fkilerini d\u00fczeltmeye kararl\u0131 oldu\u011funu ifade etti\u011fi aktar\u0131ld\u0131.<\/p>\n<p style=\"text-align: justify;\">A\u00e7\u0131klaman\u0131n devam\u0131 \u015f\u00f6yle, g\u00f6r\u00fc\u015fme s\u0131ras\u0131nda Suriye taraf\u0131n\u0131n, toplumun t\u00fcm kesimlerini koruma taahh\u00fcd\u00fcn\u00fc yineledi\u011fini ve \u00fclkenin gelece\u011fine hizmet edecek \u015fekilde eski rejimin miras\u0131n\u0131n hem siyasal hem yap\u0131sal olarak ele al\u0131nmas\u0131n\u0131n gereklili\u011fini vurgulad\u0131\u011f\u0131n\u0131 belirtti.<\/p>\n<p style=\"text-align: justify;\">Ayr\u0131ca, bu g\u00f6r\u00fc\u015fmenin, Suriye-Rusya ili\u015fkilerinin yeniden tesis edilmesine y\u00f6nelik g\u00fc\u00e7l\u00fc bir siyasal i\u015faret olarak de\u011ferlendirildi\u011fi ve bunun b\u00f6lgesel dengeyi g\u00fc\u00e7lendirmeye ve Suriye devletinin sa\u011flamla\u015ft\u0131r\u0131lmas\u0131na katk\u0131 sa\u011flayaca\u011f\u0131 ifade edildi.<\/p>\n<p style=\"text-align: justify;\">D\u0131\u015fi\u015fleri Bakanl\u0131\u011f\u0131 son olarak, \u0130srail m\u00fcdahalelerinin \u00fclkeyi kaosa s\u00fcr\u00fckledi\u011fi uyar\u0131s\u0131nda bulunarak, Suriye\u2019nin egemenli\u011fine, birli\u011fine sayg\u0131 duyan ve g\u00fcvenli\u011fine katk\u0131 sa\u011flamay\u0131 hedefleyen t\u00fcm taraflara kap\u0131lar\u0131n\u0131n a\u00e7\u0131k oldu\u011funu vurgulad\u0131.<\/p>\n","protected":false},"excerpt":{"rendered":"<p>\u015eAM (SANA) &#8211; Suriye D\u0131\u015fi\u015fleri Bakanl\u0131\u011f\u0131 Medya Dairesi, Rusya Devlet Ba\u015fkan\u0131 Vladimir Putin ile Suriye D\u0131\u015fi\u015fleri Bakan\u0131 Asaad Hasan El \u015eeybani aras\u0131nda ger\u00e7ekle\u015fen tarihi g\u00f6r\u00fc\u015fmenin, iki \u00fclke aras\u0131nda Suriye&#8217;nin egemenli\u011fine sayg\u0131 ve toprak b\u00fct\u00fcnl\u00fc\u011f\u00fcn\u00fc destekleme temelinde yeni bir siyasal ve asker\u00ee anlay\u0131\u015f d\u00f6neminin ba\u015flad\u0131\u011f\u0131n\u0131 teyit etti\u011fini a\u00e7\u0131klad\u0131. Bakanl\u0131k taraf\u0131ndan SANA\u2019ya g\u00f6nderilen a\u00e7\u0131klamada, Ba\u015fkan Putin\u2019in \u0130srail\u2019in &hellip;<\/p>\n","protected":false},"author":44,"featured_media":326897,"comment_status":"closed","ping_status":"closed","sticky":false,"template":"","format":"standard","meta":{"footnotes":""},"categories":[458,589,459,17988],"tags":[44136,44137],"class_list":["post-326896","post","type-post","status-publish","format-standard","has-post-thumbnail","","category-dunya1","category-haber-seridi","category-haberler-arap-uluslararasi-politika","category-son-haberler","tag-suriye-disisleri-bakanligi-putin-ile-el-seybani-arasindaki-tarihi-gorusme","tag-suriye-ile-rusya-arasinda-yeni-bir-siyasal-ve-askeri-anlayis-doneminin-basladigini-gosterdi"],"_links":{"self":[{"href":"https:\/\/archive.sana.sy\/tr\/index.php?rest_route=\/wp\/v2\/posts\/326896","targetHints":{"allow":["GET"]}}],"collection":[{"href":"https:\/\/archive.sana.sy\/tr\/index.php?rest_route=\/wp\/v2\/posts"}],"about":[{"href":"https:\/\/archive.sana.sy\/tr\/index.php?rest_route=\/wp\/v2\/types\/post"}],"author":[{"embeddable":true,"href":"https:\/\/archive.sana.sy\/tr\/index.php?rest_route=\/wp\/v2\/users\/44"}],"replies":[{"embeddable":true,"href":"https:\/\/archive.sana.sy\/tr\/index.php?rest_route=%2Fwp%2Fv2%2Fcomments&post=326896"}],"version-history":[{"count":1,"href":"https:\/\/archive.sana.sy\/tr\/index.php?rest_route=\/wp\/v2\/posts\/326896\/revisions"}],"predecessor-version":[{"id":326898,"href":"https:\/\/archive.sana.sy\/tr\/index.php?rest_route=\/wp\/v2\/posts\/326896\/revisions\/326898"}],"wp:featuredmedia":[{"embeddable":true,"href":"https:\/\/archive.sana.sy\/tr\/index.php?rest_route=\/wp\/v2\/media\/326897"}],"wp:attachment":[{"href":"https:\/\/archive.sana.sy\/tr\/index.php?rest_route=%2Fwp%2Fv2%2Fmedia&parent=326896"}],"wp:term":[{"taxonomy":"category","embeddable":true,"href":"https:\/\/archive.sana.sy\/tr\/index.php?rest_route=%2Fwp%2Fv2%2Fcategories&post=326896"},{"taxonomy":"post_tag","embeddable":true,"href":"https:\/\/archive.sana.sy\/tr\/index.php?rest_route=%2Fwp%2Fv2%2Ftags&post=326896"}],"curies":[{"name":"wp","href":"https:\/\/api.w.org\/{rel}","templated":true}]}}