{"id":326899,"date":"2025-07-31T21:50:24","date_gmt":"2025-07-31T18:50:24","guid":{"rendered":"https:\/\/sana.sy\/tr\/?p=326899"},"modified":"2025-07-31T22:26:21","modified_gmt":"2025-07-31T19:26:21","slug":"urdun-suriyeye-olaganustu-ve-tam-yetkili-buyukelci-atadi","status":"publish","type":"post","link":"https:\/\/archive.sana.sy\/tr\/?p=326899","title":{"rendered":"\u00dcrd\u00fcn, Suriye&#8217;ye Ola\u011fan\u00fcst\u00fc Ve Tam Yetkili B\u00fcy\u00fckel\u00e7i Atad\u0131"},"content":{"rendered":"<p style=\"text-align: justify;\"><span style=\"color: #ff0000;\"><strong>AMMAN (SANA) &#8211;<\/strong><\/span> \u00dcrd\u00fcn, bug\u00fcn yapt\u0131\u011f\u0131 a\u00e7\u0131klamada \u00dcrd\u00fcn D\u0131\u015fi\u015fleri ve Gurbet\u00e7iler Bakanl\u0131\u011f\u0131 S\u00f6zc\u00fcs\u00fc B\u00fcy\u00fckel\u00e7i Safyan El Kudat\u2019\u0131n, Suriye Arap Cumhuriyeti nezdinde Ola\u011fan\u00fcst\u00fc ve Tam Yetkili B\u00fcy\u00fckel\u00e7i olarak atand\u0131\u011f\u0131n\u0131 duyurdu.<\/p>\n<p style=\"text-align: justify;\">\u00dcrd\u00fcn merkezli El Mamlaka kanal\u0131n\u0131n internet sitesine g\u00f6re, \u00dcrd\u00fcn Kral\u0131\u2019n\u0131n y\u00fcce iradesi, Bakanlar Kurulu\u2019nun B\u00fcy\u00fckel\u00e7i Safyan El Kudat\u2019\u0131n bu g\u00f6reve atanmas\u0131na y\u00f6nelik karar\u0131n\u0131 onaylad\u0131.<\/p>\n<p style=\"text-align: justify;\">B\u00fcy\u00fckel\u00e7i El Kudat, 1 Ekim 2023 tarihinden bu yana \u00dcrd\u00fcn D\u0131\u015fi\u015fleri Bakanl\u0131\u011f\u0131 S\u00f6zc\u00fcl\u00fc\u011f\u00fc ve Operasyonlar ile Konsolosluk \u0130\u015fleri Genel M\u00fcd\u00fcrl\u00fc\u011f\u00fc g\u00f6revlerini y\u00fcr\u00fctmektedir.<\/p>\n","protected":false},"excerpt":{"rendered":"<p>AMMAN (SANA) &#8211; \u00dcrd\u00fcn, bug\u00fcn yapt\u0131\u011f\u0131 a\u00e7\u0131klamada \u00dcrd\u00fcn D\u0131\u015fi\u015fleri ve Gurbet\u00e7iler Bakanl\u0131\u011f\u0131 S\u00f6zc\u00fcs\u00fc B\u00fcy\u00fckel\u00e7i Safyan El Kudat\u2019\u0131n, Suriye Arap Cumhuriyeti nezdinde Ola\u011fan\u00fcst\u00fc ve Tam Yetkili B\u00fcy\u00fckel\u00e7i olarak atand\u0131\u011f\u0131n\u0131 duyurdu. \u00dcrd\u00fcn merkezli El Mamlaka kanal\u0131n\u0131n internet sitesine g\u00f6re, \u00dcrd\u00fcn Kral\u0131\u2019n\u0131n y\u00fcce iradesi, Bakanlar Kurulu\u2019nun B\u00fcy\u00fckel\u00e7i Safyan El Kudat\u2019\u0131n bu g\u00f6reve atanmas\u0131na y\u00f6nelik karar\u0131n\u0131 onaylad\u0131. B\u00fcy\u00fckel\u00e7i El &hellip;<\/p>\n","protected":false},"author":44,"featured_media":326900,"comment_status":"closed","ping_status":"closed","sticky":false,"template":"","format":"standard","meta":{"footnotes":""},"categories":[458,589,459,17988],"tags":[],"class_list":["post-326899","post","type-post","status-publish","format-standard","has-post-thumbnail","","category-dunya1","category-haber-seridi","category-haberler-arap-uluslararasi-politika","category-son-haberler"],"_links":{"self":[{"href":"https:\/\/archive.sana.sy\/tr\/index.php?rest_route=\/wp\/v2\/posts\/326899","targetHints":{"allow":["GET"]}}],"collection":[{"href":"https:\/\/archive.sana.sy\/tr\/index.php?rest_route=\/wp\/v2\/posts"}],"about":[{"href":"https:\/\/archive.sana.sy\/tr\/index.php?rest_route=\/wp\/v2\/types\/post"}],"author":[{"embeddable":true,"href":"https:\/\/archive.sana.sy\/tr\/index.php?rest_route=\/wp\/v2\/users\/44"}],"replies":[{"embeddable":true,"href":"https:\/\/archive.sana.sy\/tr\/index.php?rest_route=%2Fwp%2Fv2%2Fcomments&post=326899"}],"version-history":[{"count":1,"href":"https:\/\/archive.sana.sy\/tr\/index.php?rest_route=\/wp\/v2\/posts\/326899\/revisions"}],"predecessor-version":[{"id":326901,"href":"https:\/\/archive.sana.sy\/tr\/index.php?rest_route=\/wp\/v2\/posts\/326899\/revisions\/326901"}],"wp:featuredmedia":[{"embeddable":true,"href":"https:\/\/archive.sana.sy\/tr\/index.php?rest_route=\/wp\/v2\/media\/326900"}],"wp:attachment":[{"href":"https:\/\/archive.sana.sy\/tr\/index.php?rest_route=%2Fwp%2Fv2%2Fmedia&parent=326899"}],"wp:term":[{"taxonomy":"category","embeddable":true,"href":"https:\/\/archive.sana.sy\/tr\/index.php?rest_route=%2Fwp%2Fv2%2Fcategories&post=326899"},{"taxonomy":"post_tag","embeddable":true,"href":"https:\/\/archive.sana.sy\/tr\/index.php?rest_route=%2Fwp%2Fv2%2Ftags&post=326899"}],"curies":[{"name":"wp","href":"https:\/\/api.w.org\/{rel}","templated":true}]}}