{"id":326902,"date":"2025-08-01T09:00:49","date_gmt":"2025-08-01T06:00:49","guid":{"rendered":"https:\/\/sana.sy\/tr\/?p=326902"},"modified":"2025-08-01T10:45:07","modified_gmt":"2025-08-01T07:45:07","slug":"denetim-ve-teftis-kurulu-ile-dunya-bankasi-suriyede-kamu-maliyesi-kapasitesinin-guclendirilmesi-ve-yonetimi-projesinin-uygulanmasini-gorustu","status":"publish","type":"post","link":"https:\/\/archive.sana.sy\/tr\/?p=326902","title":{"rendered":"Denetim Ve Tefti\u015f Kurulu \u0130le D\u00fcnya Bankas\u0131, Suriye\u2019de Kamu Maliyesi Kapasitesinin G\u00fc\u00e7lendirilmesi Ve Y\u00f6netimi Projesi\u2019nin Uygulanmas\u0131n\u0131 G\u00f6r\u00fc\u015ft\u00fc"},"content":{"rendered":"<p style=\"text-align: justify;\"><span style=\"color: #ff0000;\"><strong>\u015eAM (SANA) &#8211;<\/strong><\/span> Suriye\u2019de Kamu Maliyesi Kapasitesinin G\u00fc\u00e7lendirilmesi ve Y\u00f6netimi Projesi\u2019nin (P512516) uygulanma yollar\u0131, Merkezi Denetim ve Tefti\u015f Kurulu Ba\u015fkan Yard\u0131mc\u0131s\u0131 Ali Me\u015fkel ve kurul b\u00fcnyesindeki baz\u0131 grup ba\u015fkanlar\u0131 ile D\u00fcnya Bankas\u0131 temsilcileri aras\u0131nda video konferans yoluyla d\u00fczenlenen bir toplant\u0131da ele al\u0131nd\u0131.<\/p>\n<p style=\"text-align: justify;\">Toplant\u0131 s\u0131ras\u0131nda, proje tan\u0131t\u0131larak uygulanma mekanizmalar\u0131 ve bu s\u00fcrecin mali sekt\u00f6r \u00fczerindeki etkileri ile dolayl\u0131 olarak Suriye toplumu \u00fczerindeki yans\u0131malar\u0131 hakk\u0131nda D\u00fcnya Bankas\u0131 temsilcilerine bilgi verildi. Ayr\u0131ca, kamu mali y\u00f6netimi i\u015flevlerinin koordinasyonunun g\u00fc\u00e7lendirilmesi, uyum ve \u015feffafl\u0131\u011f\u0131n art\u0131r\u0131lmas\u0131, kullan\u0131lan mali verilerin do\u011frulu\u011fu ve zamanlamas\u0131na \u00f6zen g\u00f6sterilmesinin \u00f6nemi vurguland\u0131.<\/p>\n<p style=\"text-align: justify;\">SANA muhabirine a\u00e7\u0131klama yapan Kurul Ba\u015fkan Yard\u0131mc\u0131s\u0131, projenin kamu yarar\u0131na hizmet etmesi amac\u0131yla, Maliye Bakanl\u0131\u011f\u0131, Merkezi Denetim ve Tefti\u015f Kurulu ve Suriye Merkez Bankas\u0131 gibi ilgili kurumlarla koordinasyon i\u00e7inde D\u00fcnya Bankas\u0131 ile i\u015f birli\u011fi yapmaya haz\u0131r olduklar\u0131n\u0131 belirtti. Alan\u0131nda uzman ki\u015filerden olu\u015facak bir \u00e7al\u0131\u015fma ekibinin kurulmas\u0131yla en iyi sonu\u00e7lar\u0131n elde edilmesi, uygun \u00e7al\u0131\u015fma ortam\u0131n\u0131n sa\u011flanmas\u0131 ve Suriye\u2019de kamu maliyesinin g\u00fc\u00e7lendirilmesi ad\u0131na her t\u00fcrl\u00fc yard\u0131m ve dan\u0131\u015fmanl\u0131\u011f\u0131n sunulmas\u0131 hedefleniyor.<\/p>\n","protected":false},"excerpt":{"rendered":"<p>\u015eAM (SANA) &#8211; Suriye\u2019de Kamu Maliyesi Kapasitesinin G\u00fc\u00e7lendirilmesi ve Y\u00f6netimi Projesi\u2019nin (P512516) uygulanma yollar\u0131, Merkezi Denetim ve Tefti\u015f Kurulu Ba\u015fkan Yard\u0131mc\u0131s\u0131 Ali Me\u015fkel ve kurul b\u00fcnyesindeki baz\u0131 grup ba\u015fkanlar\u0131 ile D\u00fcnya Bankas\u0131 temsilcileri aras\u0131nda video konferans yoluyla d\u00fczenlenen bir toplant\u0131da ele al\u0131nd\u0131. Toplant\u0131 s\u0131ras\u0131nda, proje tan\u0131t\u0131larak uygulanma mekanizmalar\u0131 ve bu s\u00fcrecin mali sekt\u00f6r \u00fczerindeki etkileri &hellip;<\/p>\n","protected":false},"author":44,"featured_media":326903,"comment_status":"closed","ping_status":"closed","sticky":false,"template":"","format":"standard","meta":{"footnotes":""},"categories":[589,479,17988,478],"tags":[44138,44139],"class_list":["post-326902","post","type-post","status-publish","format-standard","has-post-thumbnail","","category-haber-seridi","category-haberler-yerel","category-son-haberler","category-yerel","tag-denetim-ve-teftis-kurulu-ile-dunya-bankasi","tag-suriyede-kamu-maliyesi-kapasitesinin-guclendirilmesi-ve-yonetimi-projesinin-uygulanmasini-gorustu"],"_links":{"self":[{"href":"https:\/\/archive.sana.sy\/tr\/index.php?rest_route=\/wp\/v2\/posts\/326902","targetHints":{"allow":["GET"]}}],"collection":[{"href":"https:\/\/archive.sana.sy\/tr\/index.php?rest_route=\/wp\/v2\/posts"}],"about":[{"href":"https:\/\/archive.sana.sy\/tr\/index.php?rest_route=\/wp\/v2\/types\/post"}],"author":[{"embeddable":true,"href":"https:\/\/archive.sana.sy\/tr\/index.php?rest_route=\/wp\/v2\/users\/44"}],"replies":[{"embeddable":true,"href":"https:\/\/archive.sana.sy\/tr\/index.php?rest_route=%2Fwp%2Fv2%2Fcomments&post=326902"}],"version-history":[{"count":1,"href":"https:\/\/archive.sana.sy\/tr\/index.php?rest_route=\/wp\/v2\/posts\/326902\/revisions"}],"predecessor-version":[{"id":326904,"href":"https:\/\/archive.sana.sy\/tr\/index.php?rest_route=\/wp\/v2\/posts\/326902\/revisions\/326904"}],"wp:featuredmedia":[{"embeddable":true,"href":"https:\/\/archive.sana.sy\/tr\/index.php?rest_route=\/wp\/v2\/media\/326903"}],"wp:attachment":[{"href":"https:\/\/archive.sana.sy\/tr\/index.php?rest_route=%2Fwp%2Fv2%2Fmedia&parent=326902"}],"wp:term":[{"taxonomy":"category","embeddable":true,"href":"https:\/\/archive.sana.sy\/tr\/index.php?rest_route=%2Fwp%2Fv2%2Fcategories&post=326902"},{"taxonomy":"post_tag","embeddable":true,"href":"https:\/\/archive.sana.sy\/tr\/index.php?rest_route=%2Fwp%2Fv2%2Ftags&post=326902"}],"curies":[{"name":"wp","href":"https:\/\/api.w.org\/{rel}","templated":true}]}}