{"id":326905,"date":"2025-08-01T10:40:30","date_gmt":"2025-08-01T07:40:30","guid":{"rendered":"https:\/\/sana.sy\/tr\/?p=326905"},"modified":"2025-08-01T11:09:46","modified_gmt":"2025-08-01T08:09:46","slug":"halepten-dijital-donusumde-yeni-bir-asama-silicon-teknoloji-zirvesi-basladi","status":"publish","type":"post","link":"https:\/\/archive.sana.sy\/tr\/?p=326905","title":{"rendered":"Halep\u2019ten Dijital D\u00f6n\u00fc\u015f\u00fcmde Yeni Bir A\u015fama: &#8220;Silicon Teknoloji Zirvesi&#8221; Ba\u015flad\u0131"},"content":{"rendered":"<p style=\"text-align: justify;\"><span style=\"color: #ff0000;\"><strong>HALEP (SANA) &#8211;<\/strong><\/span> Halep \u015fehrinde, Suriye\u2019de \u00f6zg\u00fcrle\u015ftirildikten sonra d\u00fczenlenen ilk geni\u015f kapsaml\u0131 teknoloji etkinli\u011fi olan &#8220;Silicon Teknoloji ve Dijital D\u00f6n\u00fc\u015f\u00fcm Zirvesi&#8221; ba\u015flad\u0131. Zirve, Halep Valisi M\u00fchendis Azzam El \u011earib\u2019in himayesinde, Thiqa Fuarc\u0131l\u0131k \u015eirketi&#8217;nin Uluslararas\u0131 Gen\u00e7lik Odas\u0131 (JCI) i\u015f birli\u011fiyle organize edildi.<\/p>\n<p style=\"text-align: justify;\">Etkinlik kapsam\u0131nda, yapay zek\u00e2 ve robotik inovasyonlar\u0131na ayr\u0131lm\u0131\u015f bir sergi, yat\u0131r\u0131mc\u0131larla ba\u011flant\u0131 kurma alanlar\u0131 ve gen\u00e7ler i\u00e7in istihdam f\u0131rsatlar\u0131n\u0131 desteklemeye y\u00f6nelik b\u00f6l\u00fcmler yer ald\u0131. A\u00e7\u0131l\u0131\u015f oturumlar\u0131nda; \u00e7at\u0131\u015fma b\u00f6lgelerine yat\u0131r\u0131m, kurumlarda yapay zek\u00e2 uygulamalar\u0131 ve ak\u0131ll\u0131 ula\u015f\u0131m \u00e7\u00f6z\u00fcmleri gibi konular \u00f6n plandayd\u0131.<\/p>\n<p style=\"text-align: justify;\">Kat\u0131l\u0131mc\u0131lar, zirvenin Suriye\u2019de dijital d\u00f6n\u00fc\u015f\u00fcm\u00fc destekleyen stratejik bir platform niteli\u011finde oldu\u011funu vurgulayarak, gen\u00e7lerin g\u00fc\u00e7lendirilmesi ve yerel inovasyonun te\u015fvik edilmesinin \u00f6nemine dikkat \u00e7ekti. Etkinlikte, Suriye Bilgi Teknolojileri Derne\u011fi ba\u015fta olmak \u00fczere bir\u00e7ok kurum ve teknoloji sekt\u00f6r\u00fcnden sponsor \u015firketler yer ald\u0131.<\/p>\n<p style=\"text-align: justify;\">Zirvenin ikinci g\u00fcn\u00fc; giri\u015fimcilik, dijital ekonomi ve ak\u0131ll\u0131 e\u011fitim konular\u0131nda oturumlarla devam edecek. Etkinlik, yeni giri\u015fim projelerini desteklemeye y\u00f6nelik bir yar\u0131\u015fmayla sona erecek. Kat\u0131l\u0131mc\u0131lar, yeniden yap\u0131lanma ve s\u00fcrd\u00fcr\u00fclebilir kalk\u0131nma s\u00fcrecinde beyin g\u00fcc\u00fcne ve dijital altyap\u0131ya yat\u0131r\u0131m yap\u0131lmas\u0131n\u0131n hayati \u00f6nem ta\u015f\u0131d\u0131\u011f\u0131n\u0131 belirtti.<\/p>\n<div id='gallery-1' class='gallery galleryid-326905 gallery-columns-1 gallery-size-full'><figure class='gallery-item'>\n\t\t\t<div class='gallery-icon landscape'>\n\t\t\t\t<a href='https:\/\/archive.sana.sy\/tr\/?attachment_id=326908'><img loading=\"lazy\" decoding=\"async\" width=\"660\" height=\"370\" src=\"https:\/\/archive.sana.sy\/tr\/wp-content\/uploads\/2025\/08\/IMG_7473.png\" class=\"attachment-full size-full\" alt=\"\" srcset=\"https:\/\/archive.sana.sy\/tr\/wp-content\/uploads\/2025\/08\/IMG_7473.png 660w, https:\/\/archive.sana.sy\/tr\/wp-content\/uploads\/2025\/08\/IMG_7473-300x168.png 300w\" sizes=\"auto, (max-width: 660px) 100vw, 660px\" \/><\/a>\n\t\t\t<\/div><\/figure>\n\t\t<\/div>\n\n","protected":false},"excerpt":{"rendered":"<p>HALEP (SANA) &#8211; Halep \u015fehrinde, Suriye\u2019de \u00f6zg\u00fcrle\u015ftirildikten sonra d\u00fczenlenen ilk geni\u015f kapsaml\u0131 teknoloji etkinli\u011fi olan &#8220;Silicon Teknoloji ve Dijital D\u00f6n\u00fc\u015f\u00fcm Zirvesi&#8221; ba\u015flad\u0131. Zirve, Halep Valisi M\u00fchendis Azzam El \u011earib\u2019in himayesinde, Thiqa Fuarc\u0131l\u0131k \u015eirketi&#8217;nin Uluslararas\u0131 Gen\u00e7lik Odas\u0131 (JCI) i\u015f birli\u011fiyle organize edildi. Etkinlik kapsam\u0131nda, yapay zek\u00e2 ve robotik inovasyonlar\u0131na ayr\u0131lm\u0131\u015f bir sergi, yat\u0131r\u0131mc\u0131larla ba\u011flant\u0131 kurma alanlar\u0131 &hellip;<\/p>\n","protected":false},"author":44,"featured_media":326906,"comment_status":"closed","ping_status":"closed","sticky":false,"template":"","format":"standard","meta":{"footnotes":""},"categories":[589,479,17988,478],"tags":[44140],"class_list":["post-326905","post","type-post","status-publish","format-standard","has-post-thumbnail","","category-haber-seridi","category-haberler-yerel","category-son-haberler","category-yerel","tag-halepten-dijital-donusumde-yeni-bir-asama-silicon-teknoloji-zirvesi-basladi"],"_links":{"self":[{"href":"https:\/\/archive.sana.sy\/tr\/index.php?rest_route=\/wp\/v2\/posts\/326905","targetHints":{"allow":["GET"]}}],"collection":[{"href":"https:\/\/archive.sana.sy\/tr\/index.php?rest_route=\/wp\/v2\/posts"}],"about":[{"href":"https:\/\/archive.sana.sy\/tr\/index.php?rest_route=\/wp\/v2\/types\/post"}],"author":[{"embeddable":true,"href":"https:\/\/archive.sana.sy\/tr\/index.php?rest_route=\/wp\/v2\/users\/44"}],"replies":[{"embeddable":true,"href":"https:\/\/archive.sana.sy\/tr\/index.php?rest_route=%2Fwp%2Fv2%2Fcomments&post=326905"}],"version-history":[{"count":2,"href":"https:\/\/archive.sana.sy\/tr\/index.php?rest_route=\/wp\/v2\/posts\/326905\/revisions"}],"predecessor-version":[{"id":326909,"href":"https:\/\/archive.sana.sy\/tr\/index.php?rest_route=\/wp\/v2\/posts\/326905\/revisions\/326909"}],"wp:featuredmedia":[{"embeddable":true,"href":"https:\/\/archive.sana.sy\/tr\/index.php?rest_route=\/wp\/v2\/media\/326906"}],"wp:attachment":[{"href":"https:\/\/archive.sana.sy\/tr\/index.php?rest_route=%2Fwp%2Fv2%2Fmedia&parent=326905"}],"wp:term":[{"taxonomy":"category","embeddable":true,"href":"https:\/\/archive.sana.sy\/tr\/index.php?rest_route=%2Fwp%2Fv2%2Fcategories&post=326905"},{"taxonomy":"post_tag","embeddable":true,"href":"https:\/\/archive.sana.sy\/tr\/index.php?rest_route=%2Fwp%2Fv2%2Ftags&post=326905"}],"curies":[{"name":"wp","href":"https:\/\/api.w.org\/{rel}","templated":true}]}}