{"id":326910,"date":"2025-08-01T11:16:20","date_gmt":"2025-08-01T08:16:20","guid":{"rendered":"https:\/\/sana.sy\/tr\/?p=326910"},"modified":"2025-08-01T11:16:20","modified_gmt":"2025-08-01T08:16:20","slug":"barrack-katarin-azerbaycan-dogalgaziyla-suriyeye-enerji-saglamasi-insani-yardim-ve-istikrar-icin-etkili-bir-adimdir","status":"publish","type":"post","link":"https:\/\/archive.sana.sy\/tr\/?p=326910","title":{"rendered":"Barrack: Katar\u2019\u0131n Azerbaycan Do\u011falgaz\u0131yla Suriye\u2019ye Enerji Sa\u011flamas\u0131, \u0130nsani Yard\u0131m Ve \u0130stikrar \u0130\u00e7in Etkili Bir Ad\u0131md\u0131r"},"content":{"rendered":"<p style=\"text-align: justify;\"><span style=\"color: #ff0000;\"><strong>WASH\u0130NGTON<\/strong><strong> (SANA) &#8211;<\/strong> <\/span>ABD\u2019nin Suriye \u00d6zel Temsilcisi Thomas Barrack, Katar\u2019\u0131n Azerbaycan do\u011falgaz\u0131n\u0131 Suriye\u2019ye ula\u015ft\u0131rmak i\u00e7in sa\u011flad\u0131\u011f\u0131 tam finansman\u0131 ortakl\u0131k ve dostlu\u011fun bir g\u00f6stergesi olarak nitelendirerek, bu ad\u0131m\u0131 kritik bir d\u00f6nemde insani yard\u0131m ve istikrar y\u00f6n\u00fcnde etkili bir geli\u015fme olarak de\u011ferlendirdi.<\/p>\n<p style=\"text-align: justify;\">Barrack, bug\u00fcn X platformunda yapt\u0131\u011f\u0131 payla\u015f\u0131mda \u015funlar\u0131 s\u00f6yledi: \u201cSuriye i\u00e7in hayati \u00f6nem ta\u015f\u0131yan do\u011falgaz giri\u015fimine tam finansman sa\u011flad\u0131\u011f\u0131 i\u00e7in Katar\u2019a en i\u00e7ten te\u015fekk\u00fcrlerimizi sunar\u0131z.\u201d<\/p>\n<p style=\"text-align: justify;\">2 A\u011fustos itibar\u0131yla T\u00fcrkiye \u00fczerinden iletilecek Azerbaycan do\u011falgaz\u0131n\u0131n, Suriye\u2019de 800 megavat elektrik \u00fcretimini m\u00fcmk\u00fcn k\u0131laca\u011f\u0131n\u0131 ve bunun yakla\u015f\u0131k 5 milyon haneye \u0131\u015f\u0131k sa\u011flayaca\u011f\u0131n\u0131 belirten Barrack \u015f\u00f6yle devam etti: \u201cBu, kritik \u00a0bir anda yard\u0131m ve istikrara y\u00f6nelik etkili bir ad\u0131md\u0131r ve Katar\u2019\u0131n liderli\u011fi taraf\u0131ndan at\u0131lan cesur bir ortakl\u0131k ve dostluk g\u00f6stergesidir.\u201d<\/p>\n<p style=\"text-align: justify;\">Katar Kalk\u0131nma Fonu ise d\u00fcn yay\u0131mlad\u0131\u011f\u0131 bir a\u00e7\u0131klamada, Katar Devleti\u2019nin Suriye halk\u0131n\u0131 destekleme ve altyap\u0131s\u0131n\u0131 g\u00fc\u00e7lendirme taahh\u00fcd\u00fcn\u00fc yineleyerek, 2 A\u011fustos itibar\u0131yla Suriye Arap Cumhuriyeti\u2019nde elektrik enerjisi deste\u011finin ikinci a\u015famas\u0131na ba\u015flanaca\u011f\u0131n\u0131 duyurmu\u015ftu.<\/p>\n","protected":false},"excerpt":{"rendered":"<p>WASH\u0130NGTON (SANA) &#8211; ABD\u2019nin Suriye \u00d6zel Temsilcisi Thomas Barrack, Katar\u2019\u0131n Azerbaycan do\u011falgaz\u0131n\u0131 Suriye\u2019ye ula\u015ft\u0131rmak i\u00e7in sa\u011flad\u0131\u011f\u0131 tam finansman\u0131 ortakl\u0131k ve dostlu\u011fun bir g\u00f6stergesi olarak nitelendirerek, bu ad\u0131m\u0131 kritik bir d\u00f6nemde insani yard\u0131m ve istikrar y\u00f6n\u00fcnde etkili bir geli\u015fme olarak de\u011ferlendirdi. Barrack, bug\u00fcn X platformunda yapt\u0131\u011f\u0131 payla\u015f\u0131mda \u015funlar\u0131 s\u00f6yledi: \u201cSuriye i\u00e7in hayati \u00f6nem ta\u015f\u0131yan do\u011falgaz giri\u015fimine &hellip;<\/p>\n","protected":false},"author":44,"featured_media":326911,"comment_status":"closed","ping_status":"closed","sticky":false,"template":"","format":"standard","meta":{"footnotes":""},"categories":[458,589,459,17988],"tags":[44141,44142],"class_list":["post-326910","post","type-post","status-publish","format-standard","has-post-thumbnail","","category-dunya1","category-haber-seridi","category-haberler-arap-uluslararasi-politika","category-son-haberler","tag-barrack-katarin-azerbaycan-dogalgaziyla-suriyeye-enerji-saglamasi","tag-insani-yardim-ve-istikrar-icin-etkili-bir-adimdir"],"_links":{"self":[{"href":"https:\/\/archive.sana.sy\/tr\/index.php?rest_route=\/wp\/v2\/posts\/326910","targetHints":{"allow":["GET"]}}],"collection":[{"href":"https:\/\/archive.sana.sy\/tr\/index.php?rest_route=\/wp\/v2\/posts"}],"about":[{"href":"https:\/\/archive.sana.sy\/tr\/index.php?rest_route=\/wp\/v2\/types\/post"}],"author":[{"embeddable":true,"href":"https:\/\/archive.sana.sy\/tr\/index.php?rest_route=\/wp\/v2\/users\/44"}],"replies":[{"embeddable":true,"href":"https:\/\/archive.sana.sy\/tr\/index.php?rest_route=%2Fwp%2Fv2%2Fcomments&post=326910"}],"version-history":[{"count":1,"href":"https:\/\/archive.sana.sy\/tr\/index.php?rest_route=\/wp\/v2\/posts\/326910\/revisions"}],"predecessor-version":[{"id":326912,"href":"https:\/\/archive.sana.sy\/tr\/index.php?rest_route=\/wp\/v2\/posts\/326910\/revisions\/326912"}],"wp:featuredmedia":[{"embeddable":true,"href":"https:\/\/archive.sana.sy\/tr\/index.php?rest_route=\/wp\/v2\/media\/326911"}],"wp:attachment":[{"href":"https:\/\/archive.sana.sy\/tr\/index.php?rest_route=%2Fwp%2Fv2%2Fmedia&parent=326910"}],"wp:term":[{"taxonomy":"category","embeddable":true,"href":"https:\/\/archive.sana.sy\/tr\/index.php?rest_route=%2Fwp%2Fv2%2Fcategories&post=326910"},{"taxonomy":"post_tag","embeddable":true,"href":"https:\/\/archive.sana.sy\/tr\/index.php?rest_route=%2Fwp%2Fv2%2Ftags&post=326910"}],"curies":[{"name":"wp","href":"https:\/\/api.w.org\/{rel}","templated":true}]}}