{"id":326913,"date":"2025-08-01T11:56:22","date_gmt":"2025-08-01T08:56:22","guid":{"rendered":"https:\/\/sana.sy\/tr\/?p=326913"},"modified":"2025-08-03T17:09:43","modified_gmt":"2025-08-03T14:09:43","slug":"disisleri-bakani-rusyanin-baskenti-moskovada-suriyeli-toplum-uyeleriyle-bir-araya-geldi","status":"publish","type":"post","link":"https:\/\/archive.sana.sy\/tr\/?p=326913","title":{"rendered":"D\u0131\u015fi\u015fleri Bakan\u0131, Rusya&#8217;n\u0131n Ba\u015fkenti Moskova&#8217;da Suriyeli Toplum \u00dcyeleriyle Bir Araya Geldi"},"content":{"rendered":"<p style=\"text-align: justify;\"><span style=\"color: #ff0000;\"><strong>MOSKOVA (SANA) &#8211;<\/strong><\/span> D\u0131\u015fi\u015fleri ve Gurbet\u00e7iler Bakan\u0131 Asaad Hasan El \u015eeybani, Rusya&#8217;n\u0131n ba\u015fkenti Moskova&#8217;da Suriye toplumu \u00fcyeleriyle bir araya geldi.<\/p>\n<p style=\"text-align: justify;\">G\u00f6r\u00fc\u015fmede, Suriye devletinin yurtd\u0131\u015f\u0131ndaki vatanda\u015flar\u0131na bakma ve anavatanlar\u0131yla ba\u011flar\u0131n\u0131 g\u00fc\u00e7lendirme taahh\u00fcd\u00fcn\u00fc\u00a0 vurgulayarak, yeni Suriye&#8217;nin toparlanmas\u0131n\u0131 desteklemede ve yurtd\u0131\u015f\u0131ndaki imaj\u0131n\u0131 geli\u015ftirmedeki \u00f6nemli rollerini kaydetti.<\/p>\n<p>&nbsp;<\/p>\n<div id='gallery-1' class='gallery galleryid-326913 gallery-columns-1 gallery-size-full'><figure class='gallery-item'>\n\t\t\t<div class='gallery-icon landscape'>\n\t\t\t\t<a href='https:\/\/archive.sana.sy\/tr\/?attachment_id=326918'><img loading=\"lazy\" decoding=\"async\" width=\"2560\" height=\"1437\" src=\"https:\/\/archive.sana.sy\/tr\/wp-content\/uploads\/2025\/08\/photo_2025-08-01_11-41-45.jpg\" class=\"attachment-full size-full\" alt=\"\" srcset=\"https:\/\/archive.sana.sy\/tr\/wp-content\/uploads\/2025\/08\/photo_2025-08-01_11-41-45.jpg 2560w, https:\/\/archive.sana.sy\/tr\/wp-content\/uploads\/2025\/08\/photo_2025-08-01_11-41-45-300x168.jpg 300w, https:\/\/archive.sana.sy\/tr\/wp-content\/uploads\/2025\/08\/photo_2025-08-01_11-41-45-1024x575.jpg 1024w, https:\/\/archive.sana.sy\/tr\/wp-content\/uploads\/2025\/08\/photo_2025-08-01_11-41-45-768x431.jpg 768w, https:\/\/archive.sana.sy\/tr\/wp-content\/uploads\/2025\/08\/photo_2025-08-01_11-41-45-1536x862.jpg 1536w, https:\/\/archive.sana.sy\/tr\/wp-content\/uploads\/2025\/08\/photo_2025-08-01_11-41-45-2048x1150.jpg 2048w\" sizes=\"auto, (max-width: 2560px) 100vw, 2560px\" \/><\/a>\n\t\t\t<\/div><\/figure><figure class='gallery-item'>\n\t\t\t<div class='gallery-icon landscape'>\n\t\t\t\t<a href='https:\/\/archive.sana.sy\/tr\/?attachment_id=326917'><img loading=\"lazy\" decoding=\"async\" width=\"2560\" height=\"1437\" src=\"https:\/\/archive.sana.sy\/tr\/wp-content\/uploads\/2025\/08\/photo_2025-08-01_11-41-41.jpg\" class=\"attachment-full size-full\" alt=\"\" srcset=\"https:\/\/archive.sana.sy\/tr\/wp-content\/uploads\/2025\/08\/photo_2025-08-01_11-41-41.jpg 2560w, https:\/\/archive.sana.sy\/tr\/wp-content\/uploads\/2025\/08\/photo_2025-08-01_11-41-41-300x168.jpg 300w, https:\/\/archive.sana.sy\/tr\/wp-content\/uploads\/2025\/08\/photo_2025-08-01_11-41-41-1024x575.jpg 1024w, https:\/\/archive.sana.sy\/tr\/wp-content\/uploads\/2025\/08\/photo_2025-08-01_11-41-41-768x431.jpg 768w, https:\/\/archive.sana.sy\/tr\/wp-content\/uploads\/2025\/08\/photo_2025-08-01_11-41-41-1536x862.jpg 1536w, https:\/\/archive.sana.sy\/tr\/wp-content\/uploads\/2025\/08\/photo_2025-08-01_11-41-41-2048x1150.jpg 2048w\" sizes=\"auto, (max-width: 2560px) 100vw, 2560px\" \/><\/a>\n\t\t\t<\/div><\/figure><figure class='gallery-item'>\n\t\t\t<div class='gallery-icon landscape'>\n\t\t\t\t<a href='https:\/\/archive.sana.sy\/tr\/?attachment_id=326916'><img loading=\"lazy\" decoding=\"async\" width=\"2560\" height=\"1440\" src=\"https:\/\/archive.sana.sy\/tr\/wp-content\/uploads\/2025\/08\/photo_2025-08-01_11-41-33.jpg\" class=\"attachment-full size-full\" alt=\"\" srcset=\"https:\/\/archive.sana.sy\/tr\/wp-content\/uploads\/2025\/08\/photo_2025-08-01_11-41-33.jpg 2560w, https:\/\/archive.sana.sy\/tr\/wp-content\/uploads\/2025\/08\/photo_2025-08-01_11-41-33-300x169.jpg 300w, https:\/\/archive.sana.sy\/tr\/wp-content\/uploads\/2025\/08\/photo_2025-08-01_11-41-33-1024x576.jpg 1024w, https:\/\/archive.sana.sy\/tr\/wp-content\/uploads\/2025\/08\/photo_2025-08-01_11-41-33-768x432.jpg 768w, https:\/\/archive.sana.sy\/tr\/wp-content\/uploads\/2025\/08\/photo_2025-08-01_11-41-33-1536x864.jpg 1536w, https:\/\/archive.sana.sy\/tr\/wp-content\/uploads\/2025\/08\/photo_2025-08-01_11-41-33-2048x1152.jpg 2048w\" sizes=\"auto, (max-width: 2560px) 100vw, 2560px\" \/><\/a>\n\t\t\t<\/div><\/figure>\n\t\t<\/div>\n\n","protected":false},"excerpt":{"rendered":"<p>MOSKOVA (SANA) &#8211; D\u0131\u015fi\u015fleri ve Gurbet\u00e7iler Bakan\u0131 Asaad Hasan El \u015eeybani, Rusya&#8217;n\u0131n ba\u015fkenti Moskova&#8217;da Suriye toplumu \u00fcyeleriyle bir araya geldi. G\u00f6r\u00fc\u015fmede, Suriye devletinin yurtd\u0131\u015f\u0131ndaki vatanda\u015flar\u0131na bakma ve anavatanlar\u0131yla ba\u011flar\u0131n\u0131 g\u00fc\u00e7lendirme taahh\u00fcd\u00fcn\u00fc\u00a0 vurgulayarak, yeni Suriye&#8217;nin toparlanmas\u0131n\u0131 desteklemede ve yurtd\u0131\u015f\u0131ndaki imaj\u0131n\u0131 geli\u015ftirmedeki \u00f6nemli rollerini kaydetti. &nbsp;<\/p>\n","protected":false},"author":44,"featured_media":326914,"comment_status":"closed","ping_status":"closed","sticky":false,"template":"","format":"standard","meta":{"footnotes":""},"categories":[458,589,459,17988],"tags":[19199,44143],"class_list":["post-326913","post","type-post","status-publish","format-standard","has-post-thumbnail","","category-dunya1","category-haber-seridi","category-haberler-arap-uluslararasi-politika","category-son-haberler","tag-disisleri-bakani","tag-rusyanin-baskenti-moskovada-suriyeli-toplum-uyeleriyle-bir-araya-geldi"],"_links":{"self":[{"href":"https:\/\/archive.sana.sy\/tr\/index.php?rest_route=\/wp\/v2\/posts\/326913","targetHints":{"allow":["GET"]}}],"collection":[{"href":"https:\/\/archive.sana.sy\/tr\/index.php?rest_route=\/wp\/v2\/posts"}],"about":[{"href":"https:\/\/archive.sana.sy\/tr\/index.php?rest_route=\/wp\/v2\/types\/post"}],"author":[{"embeddable":true,"href":"https:\/\/archive.sana.sy\/tr\/index.php?rest_route=\/wp\/v2\/users\/44"}],"replies":[{"embeddable":true,"href":"https:\/\/archive.sana.sy\/tr\/index.php?rest_route=%2Fwp%2Fv2%2Fcomments&post=326913"}],"version-history":[{"count":4,"href":"https:\/\/archive.sana.sy\/tr\/index.php?rest_route=\/wp\/v2\/posts\/326913\/revisions"}],"predecessor-version":[{"id":326921,"href":"https:\/\/archive.sana.sy\/tr\/index.php?rest_route=\/wp\/v2\/posts\/326913\/revisions\/326921"}],"wp:featuredmedia":[{"embeddable":true,"href":"https:\/\/archive.sana.sy\/tr\/index.php?rest_route=\/wp\/v2\/media\/326914"}],"wp:attachment":[{"href":"https:\/\/archive.sana.sy\/tr\/index.php?rest_route=%2Fwp%2Fv2%2Fmedia&parent=326913"}],"wp:term":[{"taxonomy":"category","embeddable":true,"href":"https:\/\/archive.sana.sy\/tr\/index.php?rest_route=%2Fwp%2Fv2%2Fcategories&post=326913"},{"taxonomy":"post_tag","embeddable":true,"href":"https:\/\/archive.sana.sy\/tr\/index.php?rest_route=%2Fwp%2Fv2%2Ftags&post=326913"}],"curies":[{"name":"wp","href":"https:\/\/api.w.org\/{rel}","templated":true}]}}