{"id":326922,"date":"2025-08-01T13:01:11","date_gmt":"2025-08-01T10:01:11","guid":{"rendered":"https:\/\/sana.sy\/tr\/?p=326922"},"modified":"2025-08-01T13:01:11","modified_gmt":"2025-08-01T10:01:11","slug":"suveydaya-nakledilmek-uzere-dera-kirsalindaki-busra-el-sama-yakit-konvoyu-ulasti","status":"publish","type":"post","link":"https:\/\/archive.sana.sy\/tr\/?p=326922","title":{"rendered":"S\u00fcveyda&#8217;ya Nakledilmek \u00dczere Dera K\u0131rsal\u0131ndaki Busra El \u015eam&#8217;a Yak\u0131t Konvoyu Ula\u015ft\u0131"},"content":{"rendered":"<p style=\"text-align: justify;\"><span style=\"color: #ff0000;\"><strong>DERA (SANA) &#8211;<\/strong> <\/span>Dera k\u0131rsal\u0131nda bulunan Busra El \u015eam\u2019a bug\u00fcn, i\u00e7inde 96 bin litre mazot bulunan d\u00f6rt tankerden olu\u015fan S\u00fcveyda Valili\u011fi&#8217;ne giden bir akaryak\u0131t konvoyu ula\u015ft\u0131.<\/p>\n<p style=\"text-align: justify;\">SANA&#8217;n\u0131n Dera muhabiri, konvoyun Suriye Arap K\u0131z\u0131lay\u0131 g\u00f6zetiminde ula\u015ft\u0131\u011f\u0131n\u0131 bildirdi. Konvoyun S\u00fcveyda Valili\u011fi&#8217;ne giri\u015finin tamamlanmas\u0131 i\u00e7in ilgili makamlarla koordinasyon halinde \u00e7al\u0131\u015fmalar devam ediyor. Bu kapsamda, ildeki hizmet ve insani yard\u0131m tesisleri i\u00e7in yak\u0131t ikmali sa\u011flanmas\u0131 hedefleniyor.<\/p>\n<p style=\"text-align: justify;\">Bu konvoyun giri\u015fi, Suriye h\u00fck\u00fcmetinin S\u00fcveyda ilin temel ihtiya\u00e7lar\u0131n\u0131 kar\u015f\u0131lama \u00e7abalar\u0131n\u0131n bir par\u00e7as\u0131 olup, kanun d\u0131\u015f\u0131 gruplar\u0131n Suriye h\u00fck\u00fcmetinin ili ku\u015fatma alt\u0131na ald\u0131\u011f\u0131 y\u00f6n\u00fcndeki iddialar\u0131n\u0131 yalanl\u0131yor.<\/p>\n<div id='gallery-1' class='gallery galleryid-326922 gallery-columns-2 gallery-size-large'><figure class='gallery-item'>\n\t\t\t<div class='gallery-icon landscape'>\n\t\t\t\t<a href='https:\/\/archive.sana.sy\/tr\/?attachment_id=326924'><img loading=\"lazy\" decoding=\"async\" width=\"618\" height=\"406\" src=\"https:\/\/archive.sana.sy\/tr\/wp-content\/uploads\/2025\/08\/IMG_20250801_114155_275-scaled-1-1024x672.jpg\" class=\"attachment-large size-large\" alt=\"\" aria-describedby=\"gallery-1-326924\" srcset=\"https:\/\/archive.sana.sy\/tr\/wp-content\/uploads\/2025\/08\/IMG_20250801_114155_275-scaled-1-1024x672.jpg 1024w, https:\/\/archive.sana.sy\/tr\/wp-content\/uploads\/2025\/08\/IMG_20250801_114155_275-scaled-1-300x197.jpg 300w, https:\/\/archive.sana.sy\/tr\/wp-content\/uploads\/2025\/08\/IMG_20250801_114155_275-scaled-1-768x504.jpg 768w, https:\/\/archive.sana.sy\/tr\/wp-content\/uploads\/2025\/08\/IMG_20250801_114155_275-scaled-1-1536x1008.jpg 1536w, https:\/\/archive.sana.sy\/tr\/wp-content\/uploads\/2025\/08\/IMG_20250801_114155_275-scaled-1-2048x1344.jpg 2048w, https:\/\/archive.sana.sy\/tr\/wp-content\/uploads\/2025\/08\/IMG_20250801_114155_275-scaled-1-310x205.jpg 310w\" sizes=\"auto, (max-width: 618px) 100vw, 618px\" \/><\/a>\n\t\t\t<\/div>\n\t\t\t\t<figcaption class='wp-caption-text gallery-caption' id='gallery-1-326924'>\n\t\t\t\t0-0x0-0-0#\n\t\t\t\t<\/figcaption><\/figure><figure class='gallery-item'>\n\t\t\t<div class='gallery-icon landscape'>\n\t\t\t\t<a href='https:\/\/archive.sana.sy\/tr\/?attachment_id=326925'><img loading=\"lazy\" decoding=\"async\" width=\"618\" height=\"401\" src=\"https:\/\/archive.sana.sy\/tr\/wp-content\/uploads\/2025\/08\/IMG_20250801_115417_475-scaled-1-1024x665.jpg\" class=\"attachment-large size-large\" alt=\"\" aria-describedby=\"gallery-1-326925\" srcset=\"https:\/\/archive.sana.sy\/tr\/wp-content\/uploads\/2025\/08\/IMG_20250801_115417_475-scaled-1-1024x665.jpg 1024w, https:\/\/archive.sana.sy\/tr\/wp-content\/uploads\/2025\/08\/IMG_20250801_115417_475-scaled-1-300x195.jpg 300w, https:\/\/archive.sana.sy\/tr\/wp-content\/uploads\/2025\/08\/IMG_20250801_115417_475-scaled-1-768x499.jpg 768w, https:\/\/archive.sana.sy\/tr\/wp-content\/uploads\/2025\/08\/IMG_20250801_115417_475-scaled-1-1536x997.jpg 1536w, https:\/\/archive.sana.sy\/tr\/wp-content\/uploads\/2025\/08\/IMG_20250801_115417_475-scaled-1-2048x1330.jpg 2048w\" sizes=\"auto, (max-width: 618px) 100vw, 618px\" \/><\/a>\n\t\t\t<\/div>\n\t\t\t\t<figcaption class='wp-caption-text gallery-caption' id='gallery-1-326925'>\n\t\t\t\t0-0x0-0-0#\n\t\t\t\t<\/figcaption><\/figure>\n\t\t<\/div>\n\n","protected":false},"excerpt":{"rendered":"<p>DERA (SANA) &#8211; Dera k\u0131rsal\u0131nda bulunan Busra El \u015eam\u2019a bug\u00fcn, i\u00e7inde 96 bin litre mazot bulunan d\u00f6rt tankerden olu\u015fan S\u00fcveyda Valili\u011fi&#8217;ne giden bir akaryak\u0131t konvoyu ula\u015ft\u0131. SANA&#8217;n\u0131n Dera muhabiri, konvoyun Suriye Arap K\u0131z\u0131lay\u0131 g\u00f6zetiminde ula\u015ft\u0131\u011f\u0131n\u0131 bildirdi. Konvoyun S\u00fcveyda Valili\u011fi&#8217;ne giri\u015finin tamamlanmas\u0131 i\u00e7in ilgili makamlarla koordinasyon halinde \u00e7al\u0131\u015fmalar devam ediyor. Bu kapsamda, ildeki hizmet ve insani &hellip;<\/p>\n","protected":false},"author":44,"featured_media":326923,"comment_status":"closed","ping_status":"closed","sticky":false,"template":"","format":"standard","meta":{"footnotes":""},"categories":[589,479,17988,478],"tags":[44144],"class_list":["post-326922","post","type-post","status-publish","format-standard","has-post-thumbnail","","category-haber-seridi","category-haberler-yerel","category-son-haberler","category-yerel","tag-suveydaya-nakledilmek-uzere-dera-kirsalindaki-busra-el-sama-yakit-konvoyu-ulasti"],"_links":{"self":[{"href":"https:\/\/archive.sana.sy\/tr\/index.php?rest_route=\/wp\/v2\/posts\/326922","targetHints":{"allow":["GET"]}}],"collection":[{"href":"https:\/\/archive.sana.sy\/tr\/index.php?rest_route=\/wp\/v2\/posts"}],"about":[{"href":"https:\/\/archive.sana.sy\/tr\/index.php?rest_route=\/wp\/v2\/types\/post"}],"author":[{"embeddable":true,"href":"https:\/\/archive.sana.sy\/tr\/index.php?rest_route=\/wp\/v2\/users\/44"}],"replies":[{"embeddable":true,"href":"https:\/\/archive.sana.sy\/tr\/index.php?rest_route=%2Fwp%2Fv2%2Fcomments&post=326922"}],"version-history":[{"count":1,"href":"https:\/\/archive.sana.sy\/tr\/index.php?rest_route=\/wp\/v2\/posts\/326922\/revisions"}],"predecessor-version":[{"id":326926,"href":"https:\/\/archive.sana.sy\/tr\/index.php?rest_route=\/wp\/v2\/posts\/326922\/revisions\/326926"}],"wp:featuredmedia":[{"embeddable":true,"href":"https:\/\/archive.sana.sy\/tr\/index.php?rest_route=\/wp\/v2\/media\/326923"}],"wp:attachment":[{"href":"https:\/\/archive.sana.sy\/tr\/index.php?rest_route=%2Fwp%2Fv2%2Fmedia&parent=326922"}],"wp:term":[{"taxonomy":"category","embeddable":true,"href":"https:\/\/archive.sana.sy\/tr\/index.php?rest_route=%2Fwp%2Fv2%2Fcategories&post=326922"},{"taxonomy":"post_tag","embeddable":true,"href":"https:\/\/archive.sana.sy\/tr\/index.php?rest_route=%2Fwp%2Fv2%2Ftags&post=326922"}],"curies":[{"name":"wp","href":"https:\/\/api.w.org\/{rel}","templated":true}]}}