{"id":326930,"date":"2025-08-01T15:19:25","date_gmt":"2025-08-01T12:19:25","guid":{"rendered":"https:\/\/sana.sy\/tr\/?p=326930"},"modified":"2025-08-01T15:19:25","modified_gmt":"2025-08-01T12:19:25","slug":"14-yillik-aranin-ardindan-turk-hava-yollarinin-ilk-ucagi-halep-havalimanina-ulasti","status":"publish","type":"post","link":"https:\/\/archive.sana.sy\/tr\/?p=326930","title":{"rendered":"14 Y\u0131ll\u0131k Aran\u0131n Ard\u0131ndan T\u00fcrk Hava Yollar\u0131\u2019n\u0131n \u0130lk U\u00e7a\u011f\u0131 Halep Havaliman\u0131\u2019na Ula\u015ft\u0131"},"content":{"rendered":"<p style=\"text-align: justify;\"><span style=\"color: #ff0000;\"><strong>HALEP (SANA) &#8211;<\/strong><\/span> Bug\u00fcn, \u0130stanbul Havaliman\u0131\u2019ndan gelen T\u00fcrk Hava Yollar\u0131\u2019n\u0131n ilk u\u00e7a\u011f\u0131, 14 y\u0131ll\u0131k aran\u0131n ard\u0131ndan Halep Uluslararas\u0131 Havaliman\u0131\u2019na ula\u015ft\u0131. U\u00e7akta 140 yolcu bulunuyordu.<\/p>\n<p style=\"text-align: justify;\">U\u00e7a\u011f\u0131, Halep T\u00fcrk Konsolosu Muammer Hakan Cengiz\u2019in ba\u015fkanl\u0131k etti\u011fi resmi T\u00fcrk heyeti ile Suriye Sivil Havac\u0131l\u0131k Genel M\u00fcd\u00fcrl\u00fc\u011f\u00fc\u2019nden Halkla \u0130li\u015fkiler M\u00fcd\u00fcr\u00fc Alaa Sallal liderli\u011findeki heyet kar\u015f\u0131lad\u0131.<\/p>\n<p style=\"text-align: justify;\">Sallal, SANA\u2019ya yapt\u0131\u011f\u0131 a\u00e7\u0131klamada, T\u00fcrk Hava Yollar\u0131\u2019n\u0131n Halep Uluslararas\u0131 Havaliman\u0131\u2019na ilk seferinin, Suriye\u2019nin en eski hava kap\u0131lar\u0131ndan birine hayat\u0131n yeniden d\u00f6nmesinin bir g\u00f6stergesi oldu\u011funu belirtti. Bu u\u00e7u\u015fun, Suriye Sivil Havac\u0131l\u0131k Genel M\u00fcd\u00fcrl\u00fc\u011f\u00fc ile T\u00fcrk taraf\u0131 aras\u0131nda s\u00fcrd\u00fcr\u00fclen yo\u011fun koordinasyon ve ortak \u00e7abalar sonucu ger\u00e7ekle\u015fti\u011fini, bu ad\u0131m\u0131n Suriye\u2019nin havaalanlar\u0131n\u0131 d\u00fcnya ile yeniden ba\u011flama ve \u00fclke ekonomisi ile turizmini destekleme politikas\u0131 \u00e7er\u00e7evesinde \u00f6nemli bir ad\u0131m oldu\u011funu ifade etti.<\/p>\n<p style=\"text-align: justify;\">Sallal, bu u\u00e7u\u015f hatt\u0131n\u0131n yeniden ba\u015flamas\u0131n\u0131n Suriye havaalanlar\u0131nda uluslararas\u0131 varl\u0131\u011f\u0131n yeni bir d\u00f6nemi oldu\u011funa i\u015faret etti\u011fini ve destinasyon a\u011f\u0131n\u0131n geni\u015fletilmesi ile altyap\u0131n\u0131n geli\u015ftirilmesi i\u00e7in \u00e7al\u0131\u015fmalar\u0131n devam etti\u011fini vurgulad\u0131. Ayr\u0131ca, Genel M\u00fcd\u00fcrl\u00fck olarak t\u00fcm havaalanlar\u0131nda en y\u00fcksek hizmet ve g\u00fcvenlik standartlar\u0131n\u0131 sunma taahh\u00fcd\u00fcnde bulunduklar\u0131n\u0131 s\u00f6zlerine ekledi.<\/p>\n<p>&nbsp;<\/p>\n<div id='gallery-1' class='gallery galleryid-326930 gallery-columns-1 gallery-size-full'><figure class='gallery-item'>\n\t\t\t<div class='gallery-icon landscape'>\n\t\t\t\t<a href='https:\/\/archive.sana.sy\/tr\/?attachment_id=326934'><img loading=\"lazy\" decoding=\"async\" width=\"2337\" height=\"1440\" src=\"https:\/\/archive.sana.sy\/tr\/wp-content\/uploads\/2025\/08\/IMG_4803.jpg\" class=\"attachment-full size-full\" alt=\"\" srcset=\"https:\/\/archive.sana.sy\/tr\/wp-content\/uploads\/2025\/08\/IMG_4803.jpg 2337w, https:\/\/archive.sana.sy\/tr\/wp-content\/uploads\/2025\/08\/IMG_4803-300x185.jpg 300w, https:\/\/archive.sana.sy\/tr\/wp-content\/uploads\/2025\/08\/IMG_4803-1024x631.jpg 1024w, https:\/\/archive.sana.sy\/tr\/wp-content\/uploads\/2025\/08\/IMG_4803-768x473.jpg 768w, https:\/\/archive.sana.sy\/tr\/wp-content\/uploads\/2025\/08\/IMG_4803-1536x946.jpg 1536w, https:\/\/archive.sana.sy\/tr\/wp-content\/uploads\/2025\/08\/IMG_4803-2048x1262.jpg 2048w\" sizes=\"auto, (max-width: 2337px) 100vw, 2337px\" \/><\/a>\n\t\t\t<\/div><\/figure><figure class='gallery-item'>\n\t\t\t<div class='gallery-icon landscape'>\n\t\t\t\t<a href='https:\/\/archive.sana.sy\/tr\/?attachment_id=326933'><img loading=\"lazy\" decoding=\"async\" width=\"2560\" height=\"1688\" src=\"https:\/\/archive.sana.sy\/tr\/wp-content\/uploads\/2025\/08\/IMG_4794-scaled-1.jpg\" class=\"attachment-full size-full\" alt=\"\" srcset=\"https:\/\/archive.sana.sy\/tr\/wp-content\/uploads\/2025\/08\/IMG_4794-scaled-1.jpg 2560w, https:\/\/archive.sana.sy\/tr\/wp-content\/uploads\/2025\/08\/IMG_4794-scaled-1-300x198.jpg 300w, https:\/\/archive.sana.sy\/tr\/wp-content\/uploads\/2025\/08\/IMG_4794-scaled-1-1024x675.jpg 1024w, https:\/\/archive.sana.sy\/tr\/wp-content\/uploads\/2025\/08\/IMG_4794-scaled-1-768x506.jpg 768w, https:\/\/archive.sana.sy\/tr\/wp-content\/uploads\/2025\/08\/IMG_4794-scaled-1-1536x1013.jpg 1536w, https:\/\/archive.sana.sy\/tr\/wp-content\/uploads\/2025\/08\/IMG_4794-scaled-1-2048x1350.jpg 2048w, https:\/\/archive.sana.sy\/tr\/wp-content\/uploads\/2025\/08\/IMG_4794-scaled-1-310x205.jpg 310w\" sizes=\"auto, (max-width: 2560px) 100vw, 2560px\" \/><\/a>\n\t\t\t<\/div><\/figure><figure class='gallery-item'>\n\t\t\t<div class='gallery-icon landscape'>\n\t\t\t\t<a href='https:\/\/archive.sana.sy\/tr\/?attachment_id=326932'><img loading=\"lazy\" decoding=\"async\" width=\"2560\" height=\"1766\" src=\"https:\/\/archive.sana.sy\/tr\/wp-content\/uploads\/2025\/08\/2L6A4740-scaled-1.jpg\" class=\"attachment-full size-full\" alt=\"\" srcset=\"https:\/\/archive.sana.sy\/tr\/wp-content\/uploads\/2025\/08\/2L6A4740-scaled-1.jpg 2560w, https:\/\/archive.sana.sy\/tr\/wp-content\/uploads\/2025\/08\/2L6A4740-scaled-1-300x207.jpg 300w, https:\/\/archive.sana.sy\/tr\/wp-content\/uploads\/2025\/08\/2L6A4740-scaled-1-1024x706.jpg 1024w, https:\/\/archive.sana.sy\/tr\/wp-content\/uploads\/2025\/08\/2L6A4740-scaled-1-768x530.jpg 768w, https:\/\/archive.sana.sy\/tr\/wp-content\/uploads\/2025\/08\/2L6A4740-scaled-1-1536x1060.jpg 1536w, https:\/\/archive.sana.sy\/tr\/wp-content\/uploads\/2025\/08\/2L6A4740-scaled-1-2048x1413.jpg 2048w, https:\/\/archive.sana.sy\/tr\/wp-content\/uploads\/2025\/08\/2L6A4740-scaled-1-110x75.jpg 110w\" sizes=\"auto, (max-width: 2560px) 100vw, 2560px\" \/><\/a>\n\t\t\t<\/div><\/figure>\n\t\t<\/div>\n\n","protected":false},"excerpt":{"rendered":"<p>HALEP (SANA) &#8211; Bug\u00fcn, \u0130stanbul Havaliman\u0131\u2019ndan gelen T\u00fcrk Hava Yollar\u0131\u2019n\u0131n ilk u\u00e7a\u011f\u0131, 14 y\u0131ll\u0131k aran\u0131n ard\u0131ndan Halep Uluslararas\u0131 Havaliman\u0131\u2019na ula\u015ft\u0131. U\u00e7akta 140 yolcu bulunuyordu. U\u00e7a\u011f\u0131, Halep T\u00fcrk Konsolosu Muammer Hakan Cengiz\u2019in ba\u015fkanl\u0131k etti\u011fi resmi T\u00fcrk heyeti ile Suriye Sivil Havac\u0131l\u0131k Genel M\u00fcd\u00fcrl\u00fc\u011f\u00fc\u2019nden Halkla \u0130li\u015fkiler M\u00fcd\u00fcr\u00fc Alaa Sallal liderli\u011findeki heyet kar\u015f\u0131lad\u0131. Sallal, SANA\u2019ya yapt\u0131\u011f\u0131 a\u00e7\u0131klamada, T\u00fcrk &hellip;<\/p>\n","protected":false},"author":44,"featured_media":326931,"comment_status":"closed","ping_status":"closed","sticky":false,"template":"","format":"standard","meta":{"footnotes":""},"categories":[589,479,17988,478],"tags":[44146],"class_list":["post-326930","post","type-post","status-publish","format-standard","has-post-thumbnail","","category-haber-seridi","category-haberler-yerel","category-son-haberler","category-yerel","tag-14-yillik-aranin-ardindan-turk-hava-yollarinin-ilk-ucagi-halep-havalimanina-ulasti"],"_links":{"self":[{"href":"https:\/\/archive.sana.sy\/tr\/index.php?rest_route=\/wp\/v2\/posts\/326930","targetHints":{"allow":["GET"]}}],"collection":[{"href":"https:\/\/archive.sana.sy\/tr\/index.php?rest_route=\/wp\/v2\/posts"}],"about":[{"href":"https:\/\/archive.sana.sy\/tr\/index.php?rest_route=\/wp\/v2\/types\/post"}],"author":[{"embeddable":true,"href":"https:\/\/archive.sana.sy\/tr\/index.php?rest_route=\/wp\/v2\/users\/44"}],"replies":[{"embeddable":true,"href":"https:\/\/archive.sana.sy\/tr\/index.php?rest_route=%2Fwp%2Fv2%2Fcomments&post=326930"}],"version-history":[{"count":1,"href":"https:\/\/archive.sana.sy\/tr\/index.php?rest_route=\/wp\/v2\/posts\/326930\/revisions"}],"predecessor-version":[{"id":326935,"href":"https:\/\/archive.sana.sy\/tr\/index.php?rest_route=\/wp\/v2\/posts\/326930\/revisions\/326935"}],"wp:featuredmedia":[{"embeddable":true,"href":"https:\/\/archive.sana.sy\/tr\/index.php?rest_route=\/wp\/v2\/media\/326931"}],"wp:attachment":[{"href":"https:\/\/archive.sana.sy\/tr\/index.php?rest_route=%2Fwp%2Fv2%2Fmedia&parent=326930"}],"wp:term":[{"taxonomy":"category","embeddable":true,"href":"https:\/\/archive.sana.sy\/tr\/index.php?rest_route=%2Fwp%2Fv2%2Fcategories&post=326930"},{"taxonomy":"post_tag","embeddable":true,"href":"https:\/\/archive.sana.sy\/tr\/index.php?rest_route=%2Fwp%2Fv2%2Ftags&post=326930"}],"curies":[{"name":"wp","href":"https:\/\/api.w.org\/{rel}","templated":true}]}}