{"id":326938,"date":"2025-08-01T09:00:03","date_gmt":"2025-08-01T06:00:03","guid":{"rendered":"https:\/\/sana.sy\/tr\/?p=326938"},"modified":"2025-08-01T15:58:16","modified_gmt":"2025-08-01T12:58:16","slug":"suriye-ve-bae-engelli-bireylere-yonelik-sosyal-hizmetler-ve-destek-alaninda-is-birliginin-artirilmasini-gorustu","status":"publish","type":"post","link":"https:\/\/archive.sana.sy\/tr\/?p=326938","title":{"rendered":"Suriye ve BAE, Engelli Bireylere Y\u00f6nelik Sosyal Hizmetler Ve Destek Alan\u0131nda \u0130\u015f Birli\u011finin Art\u0131r\u0131lmas\u0131n\u0131 G\u00f6r\u00fc\u015ft\u00fc"},"content":{"rendered":"<p style=\"text-align: justify;\"><strong>\u015eAM (SANA) &#8211;<\/strong> Sosyal \u0130\u015fler ve \u00c7al\u0131\u015fma Bakan\u0131 Hind Kabavat, BAE&#8217;nin Suriye B\u00fcy\u00fckel\u00e7isi Hasan El \u015eehhi ile iki \u00fclke aras\u0131nda y\u00f6netim ve sosyal hizmetlerin geli\u015ftirilmesi alanlar\u0131nda i\u015fbirli\u011fi imk\u00e2nlar\u0131n\u0131 g\u00f6r\u00fc\u015ft\u00fc.<\/p>\n<p style=\"text-align: justify;\">G\u00f6r\u00fc\u015fmede, Sosyal \u0130\u015fler ve \u00c7al\u0131\u015fma Bakanl\u0131\u011f\u0131&#8217;n\u0131n Telegram kanal\u0131na g\u00f6re, engelli bireylere destek olman\u0131n ve ihtiya\u00e7lar\u0131n\u0131 kar\u015f\u0131laman\u0131n \u00f6nemi vurguland\u0131.<\/p>\n<p style=\"text-align: justify;\">G\u00f6r\u00fc\u015fmede ayr\u0131ca, BAE&#8217;nin yabanc\u0131 i\u015fg\u00fcc\u00fc alan\u0131ndaki uzmanl\u0131\u011f\u0131ndan yararlanma yollar\u0131 da ele al\u0131nd\u0131.<\/p>\n<p style=\"text-align: justify;\">BAE B\u00fcy\u00fckel\u00e7isi, b\u00f6lgesel istikrar\u0131n s\u00fcrd\u00fcr\u00fclebilir kalk\u0131nman\u0131n temel dire\u011fi oldu\u011funu vurgulad\u0131.<\/p>\n","protected":false},"excerpt":{"rendered":"<p>\u015eAM (SANA) &#8211; Sosyal \u0130\u015fler ve \u00c7al\u0131\u015fma Bakan\u0131 Hind Kabavat, BAE&#8217;nin Suriye B\u00fcy\u00fckel\u00e7isi Hasan El \u015eehhi ile iki \u00fclke aras\u0131nda y\u00f6netim ve sosyal hizmetlerin geli\u015ftirilmesi alanlar\u0131nda i\u015fbirli\u011fi imk\u00e2nlar\u0131n\u0131 g\u00f6r\u00fc\u015ft\u00fc. G\u00f6r\u00fc\u015fmede, Sosyal \u0130\u015fler ve \u00c7al\u0131\u015fma Bakanl\u0131\u011f\u0131&#8217;n\u0131n Telegram kanal\u0131na g\u00f6re, engelli bireylere destek olman\u0131n ve ihtiya\u00e7lar\u0131n\u0131 kar\u015f\u0131laman\u0131n \u00f6nemi vurguland\u0131. G\u00f6r\u00fc\u015fmede ayr\u0131ca, BAE&#8217;nin yabanc\u0131 i\u015fg\u00fcc\u00fc alan\u0131ndaki uzmanl\u0131\u011f\u0131ndan yararlanma &hellip;<\/p>\n","protected":false},"author":44,"featured_media":0,"comment_status":"closed","ping_status":"closed","sticky":false,"template":"","format":"standard","meta":{"footnotes":""},"categories":[589,479,478],"tags":[44148,44147],"class_list":["post-326938","post","type-post","status-publish","format-standard","","category-haber-seridi","category-haberler-yerel","category-yerel","tag-engelli-bireylere-yonelik-sosyal-hizmetler-ve-destek-alaninda-is-birliginin-artirilmasini-gorustu","tag-suriye-ve-bae"],"_links":{"self":[{"href":"https:\/\/archive.sana.sy\/tr\/index.php?rest_route=\/wp\/v2\/posts\/326938","targetHints":{"allow":["GET"]}}],"collection":[{"href":"https:\/\/archive.sana.sy\/tr\/index.php?rest_route=\/wp\/v2\/posts"}],"about":[{"href":"https:\/\/archive.sana.sy\/tr\/index.php?rest_route=\/wp\/v2\/types\/post"}],"author":[{"embeddable":true,"href":"https:\/\/archive.sana.sy\/tr\/index.php?rest_route=\/wp\/v2\/users\/44"}],"replies":[{"embeddable":true,"href":"https:\/\/archive.sana.sy\/tr\/index.php?rest_route=%2Fwp%2Fv2%2Fcomments&post=326938"}],"version-history":[{"count":1,"href":"https:\/\/archive.sana.sy\/tr\/index.php?rest_route=\/wp\/v2\/posts\/326938\/revisions"}],"predecessor-version":[{"id":326939,"href":"https:\/\/archive.sana.sy\/tr\/index.php?rest_route=\/wp\/v2\/posts\/326938\/revisions\/326939"}],"wp:attachment":[{"href":"https:\/\/archive.sana.sy\/tr\/index.php?rest_route=%2Fwp%2Fv2%2Fmedia&parent=326938"}],"wp:term":[{"taxonomy":"category","embeddable":true,"href":"https:\/\/archive.sana.sy\/tr\/index.php?rest_route=%2Fwp%2Fv2%2Fcategories&post=326938"},{"taxonomy":"post_tag","embeddable":true,"href":"https:\/\/archive.sana.sy\/tr\/index.php?rest_route=%2Fwp%2Fv2%2Ftags&post=326938"}],"curies":[{"name":"wp","href":"https:\/\/api.w.org\/{rel}","templated":true}]}}