{"id":326943,"date":"2025-08-01T20:36:28","date_gmt":"2025-08-01T17:36:28","guid":{"rendered":"https:\/\/sana.sy\/tr\/?p=326943"},"modified":"2025-08-03T17:11:05","modified_gmt":"2025-08-03T14:11:05","slug":"suriyenin-icislerine-yabanci-mudahaleyi-reddeden-gosteri-samdaki-emevi-meydaninda-duzenlendi","status":"publish","type":"post","link":"https:\/\/archive.sana.sy\/tr\/?p=326943","title":{"rendered":"Suriye&#8217;nin \u0130\u00e7i\u015flerine Yabanc\u0131 M\u00fcdahaleyi Reddeden G\u00f6steri, \u015eam&#8217;daki Emevi Meydan\u0131&#8217;nda D\u00fczenlendi"},"content":{"rendered":"<div id='gallery-1' class='gallery galleryid-326943 gallery-columns-1 gallery-size-full'><figure class='gallery-item'>\n\t\t\t<div class='gallery-icon landscape'>\n\t\t\t\t<a href='https:\/\/archive.sana.sy\/tr\/?attachment_id=326944'><img loading=\"lazy\" decoding=\"async\" width=\"1280\" height=\"795\" src=\"https:\/\/archive.sana.sy\/tr\/wp-content\/uploads\/2025\/08\/photo_2025-08-01_19-51-04.jpg\" class=\"attachment-full size-full\" alt=\"\" srcset=\"https:\/\/archive.sana.sy\/tr\/wp-content\/uploads\/2025\/08\/photo_2025-08-01_19-51-04.jpg 1280w, https:\/\/archive.sana.sy\/tr\/wp-content\/uploads\/2025\/08\/photo_2025-08-01_19-51-04-300x186.jpg 300w, https:\/\/archive.sana.sy\/tr\/wp-content\/uploads\/2025\/08\/photo_2025-08-01_19-51-04-1024x636.jpg 1024w, https:\/\/archive.sana.sy\/tr\/wp-content\/uploads\/2025\/08\/photo_2025-08-01_19-51-04-768x477.jpg 768w\" sizes=\"auto, (max-width: 1280px) 100vw, 1280px\" \/><\/a>\n\t\t\t<\/div><\/figure><figure class='gallery-item'>\n\t\t\t<div class='gallery-icon landscape'>\n\t\t\t\t<a href='https:\/\/archive.sana.sy\/tr\/?attachment_id=326945'><img loading=\"lazy\" decoding=\"async\" width=\"1280\" height=\"839\" src=\"https:\/\/archive.sana.sy\/tr\/wp-content\/uploads\/2025\/08\/photo_2025-08-01_19-51-05.jpg\" class=\"attachment-full size-full\" alt=\"\" srcset=\"https:\/\/archive.sana.sy\/tr\/wp-content\/uploads\/2025\/08\/photo_2025-08-01_19-51-05.jpg 1280w, https:\/\/archive.sana.sy\/tr\/wp-content\/uploads\/2025\/08\/photo_2025-08-01_19-51-05-300x197.jpg 300w, https:\/\/archive.sana.sy\/tr\/wp-content\/uploads\/2025\/08\/photo_2025-08-01_19-51-05-1024x671.jpg 1024w, https:\/\/archive.sana.sy\/tr\/wp-content\/uploads\/2025\/08\/photo_2025-08-01_19-51-05-768x503.jpg 768w\" sizes=\"auto, (max-width: 1280px) 100vw, 1280px\" \/><\/a>\n\t\t\t<\/div><\/figure>\n\t\t<\/div>\n\n","protected":false},"excerpt":{"rendered":"","protected":false},"author":41,"featured_media":326946,"comment_status":"closed","ping_status":"closed","sticky":false,"template":"","format":"standard","meta":{"footnotes":""},"categories":[596,17988,478],"tags":[],"class_list":["post-326943","post","type-post","status-publish","format-standard","has-post-thumbnail","","category-fotografli-raporlar","category-son-haberler","category-yerel"],"_links":{"self":[{"href":"https:\/\/archive.sana.sy\/tr\/index.php?rest_route=\/wp\/v2\/posts\/326943","targetHints":{"allow":["GET"]}}],"collection":[{"href":"https:\/\/archive.sana.sy\/tr\/index.php?rest_route=\/wp\/v2\/posts"}],"about":[{"href":"https:\/\/archive.sana.sy\/tr\/index.php?rest_route=\/wp\/v2\/types\/post"}],"author":[{"embeddable":true,"href":"https:\/\/archive.sana.sy\/tr\/index.php?rest_route=\/wp\/v2\/users\/41"}],"replies":[{"embeddable":true,"href":"https:\/\/archive.sana.sy\/tr\/index.php?rest_route=%2Fwp%2Fv2%2Fcomments&post=326943"}],"version-history":[{"count":1,"href":"https:\/\/archive.sana.sy\/tr\/index.php?rest_route=\/wp\/v2\/posts\/326943\/revisions"}],"predecessor-version":[{"id":326947,"href":"https:\/\/archive.sana.sy\/tr\/index.php?rest_route=\/wp\/v2\/posts\/326943\/revisions\/326947"}],"wp:featuredmedia":[{"embeddable":true,"href":"https:\/\/archive.sana.sy\/tr\/index.php?rest_route=\/wp\/v2\/media\/326946"}],"wp:attachment":[{"href":"https:\/\/archive.sana.sy\/tr\/index.php?rest_route=%2Fwp%2Fv2%2Fmedia&parent=326943"}],"wp:term":[{"taxonomy":"category","embeddable":true,"href":"https:\/\/archive.sana.sy\/tr\/index.php?rest_route=%2Fwp%2Fv2%2Fcategories&post=326943"},{"taxonomy":"post_tag","embeddable":true,"href":"https:\/\/archive.sana.sy\/tr\/index.php?rest_route=%2Fwp%2Fv2%2Ftags&post=326943"}],"curies":[{"name":"wp","href":"https:\/\/api.w.org\/{rel}","templated":true}]}}