{"id":326964,"date":"2025-08-02T16:22:06","date_gmt":"2025-08-02T13:22:06","guid":{"rendered":"https:\/\/sana.sy\/tr\/?p=326964"},"modified":"2025-08-02T16:22:06","modified_gmt":"2025-08-02T13:22:06","slug":"busra-el-sam-uzerinden-suveydaya-yeni-bir-insani-yardim-konvoyu-girdi","status":"publish","type":"post","link":"https:\/\/archive.sana.sy\/tr\/?p=326964","title":{"rendered":"Busra El \u015eam \u00dczerinden S\u00fcveyda&#8217;ya Yeni Bir \u0130nsani Yard\u0131m Konvoyu Girdi"},"content":{"rendered":"<p style=\"text-align: justify;\"><span style=\"color: #ff0000;\"><strong>\u015eAM (SANA)<\/strong> <\/span>&#8211;\u00a0 G\u0131da ve un i\u00e7eren 10 kamyondan olu\u015fan yeni bir insani yard\u0131m konvoyu, bug\u00fcn Dera k\u0131rsal\u0131ndaki Busra El \u015eam \u00fczerinden S\u00fcveyda Valili\u011fi&#8217;ne girdi.<\/p>\n<p style=\"text-align: justify;\">\u0130nsani yard\u0131m konvoyu, Suriye Arap K\u0131z\u0131lay\u0131 g\u00f6zetiminde ve Suriye h\u00fck\u00fcmetinin deste\u011fiyle, yard\u0131mlar\u0131 ildeki ihtiya\u00e7 sahiplerine ula\u015ft\u0131rmak \u00fczere yola \u00e7\u0131kt\u0131.<\/p>\n<p style=\"text-align: justify;\">Konvoyun giri\u015fi, Suriye h\u00fck\u00fcmetinin ilin temel ihtiya\u00e7lar\u0131n\u0131 kar\u015f\u0131lama \u00e7abalar\u0131n\u0131n bir par\u00e7as\u0131 olup, kanun d\u0131\u015f\u0131 gruplar\u0131n Suriye h\u00fck\u00fcmetinin S\u00fcveyda Valili\u011fi&#8217;ni ku\u015fatt\u0131\u011f\u0131 y\u00f6n\u00fcndeki iddialar\u0131n\u0131 \u00e7\u00fcr\u00fct\u00fcyor.<\/p>\n<div id='gallery-1' class='gallery galleryid-326964 gallery-columns-2 gallery-size-large'><figure class='gallery-item'>\n\t\t\t<div class='gallery-icon landscape'>\n\t\t\t\t<a href='https:\/\/archive.sana.sy\/tr\/?attachment_id=326966'><img loading=\"lazy\" decoding=\"async\" width=\"300\" height=\"200\" src=\"https:\/\/archive.sana.sy\/tr\/wp-content\/uploads\/2025\/08\/\u0642\u0627\u0641\u0644\u0647-300x200-1.jpg\" class=\"attachment-large size-large\" alt=\"\" aria-describedby=\"gallery-1-326966\" \/><\/a>\n\t\t\t<\/div>\n\t\t\t\t<figcaption class='wp-caption-text gallery-caption' id='gallery-1-326966'>\n\t\t\t\t0-0x0-0-0#\n\t\t\t\t<\/figcaption><\/figure><figure class='gallery-item'>\n\t\t\t<div class='gallery-icon landscape'>\n\t\t\t\t<a href='https:\/\/archive.sana.sy\/tr\/?attachment_id=326967'><img loading=\"lazy\" decoding=\"async\" width=\"618\" height=\"309\" src=\"https:\/\/archive.sana.sy\/tr\/wp-content\/uploads\/2025\/08\/\u0642\u0648\u0627\u0641\u0644-660x330-2.png\" class=\"attachment-large size-large\" alt=\"\" srcset=\"https:\/\/archive.sana.sy\/tr\/wp-content\/uploads\/2025\/08\/\u0642\u0648\u0627\u0641\u0644-660x330-2.png 660w, https:\/\/archive.sana.sy\/tr\/wp-content\/uploads\/2025\/08\/\u0642\u0648\u0627\u0641\u0644-660x330-2-300x150.png 300w\" sizes=\"auto, (max-width: 618px) 100vw, 618px\" \/><\/a>\n\t\t\t<\/div><\/figure>\n\t\t<\/div>\n\n","protected":false},"excerpt":{"rendered":"<p>\u015eAM (SANA) &#8211;\u00a0 G\u0131da ve un i\u00e7eren 10 kamyondan olu\u015fan yeni bir insani yard\u0131m konvoyu, bug\u00fcn Dera k\u0131rsal\u0131ndaki Busra El \u015eam \u00fczerinden S\u00fcveyda Valili\u011fi&#8217;ne girdi. \u0130nsani yard\u0131m konvoyu, Suriye Arap K\u0131z\u0131lay\u0131 g\u00f6zetiminde ve Suriye h\u00fck\u00fcmetinin deste\u011fiyle, yard\u0131mlar\u0131 ildeki ihtiya\u00e7 sahiplerine ula\u015ft\u0131rmak \u00fczere yola \u00e7\u0131kt\u0131. Konvoyun giri\u015fi, Suriye h\u00fck\u00fcmetinin ilin temel ihtiya\u00e7lar\u0131n\u0131 kar\u015f\u0131lama \u00e7abalar\u0131n\u0131n bir par\u00e7as\u0131 &hellip;<\/p>\n","protected":false},"author":41,"featured_media":326965,"comment_status":"closed","ping_status":"closed","sticky":false,"template":"","format":"standard","meta":{"footnotes":""},"categories":[589,479,17988,478],"tags":[],"class_list":["post-326964","post","type-post","status-publish","format-standard","has-post-thumbnail","","category-haber-seridi","category-haberler-yerel","category-son-haberler","category-yerel"],"_links":{"self":[{"href":"https:\/\/archive.sana.sy\/tr\/index.php?rest_route=\/wp\/v2\/posts\/326964","targetHints":{"allow":["GET"]}}],"collection":[{"href":"https:\/\/archive.sana.sy\/tr\/index.php?rest_route=\/wp\/v2\/posts"}],"about":[{"href":"https:\/\/archive.sana.sy\/tr\/index.php?rest_route=\/wp\/v2\/types\/post"}],"author":[{"embeddable":true,"href":"https:\/\/archive.sana.sy\/tr\/index.php?rest_route=\/wp\/v2\/users\/41"}],"replies":[{"embeddable":true,"href":"https:\/\/archive.sana.sy\/tr\/index.php?rest_route=%2Fwp%2Fv2%2Fcomments&post=326964"}],"version-history":[{"count":1,"href":"https:\/\/archive.sana.sy\/tr\/index.php?rest_route=\/wp\/v2\/posts\/326964\/revisions"}],"predecessor-version":[{"id":326968,"href":"https:\/\/archive.sana.sy\/tr\/index.php?rest_route=\/wp\/v2\/posts\/326964\/revisions\/326968"}],"wp:featuredmedia":[{"embeddable":true,"href":"https:\/\/archive.sana.sy\/tr\/index.php?rest_route=\/wp\/v2\/media\/326965"}],"wp:attachment":[{"href":"https:\/\/archive.sana.sy\/tr\/index.php?rest_route=%2Fwp%2Fv2%2Fmedia&parent=326964"}],"wp:term":[{"taxonomy":"category","embeddable":true,"href":"https:\/\/archive.sana.sy\/tr\/index.php?rest_route=%2Fwp%2Fv2%2Fcategories&post=326964"},{"taxonomy":"post_tag","embeddable":true,"href":"https:\/\/archive.sana.sy\/tr\/index.php?rest_route=%2Fwp%2Fv2%2Ftags&post=326964"}],"curies":[{"name":"wp","href":"https:\/\/api.w.org\/{rel}","templated":true}]}}