{"id":326970,"date":"2025-08-02T18:07:09","date_gmt":"2025-08-02T15:07:09","guid":{"rendered":"https:\/\/sana.sy\/tr\/?p=326970"},"modified":"2025-08-02T18:07:09","modified_gmt":"2025-08-02T15:07:09","slug":"samdaki-azerbaycan-buyukelciligi-suriyeye-dogalgaz-boru-hattinin-acilisi-azerbaycan-liderliginin-bolgedeki-ekonomik-kalkinmayi-destekleme-arzusunu-yansitiyor","status":"publish","type":"post","link":"https:\/\/archive.sana.sy\/tr\/?p=326970","title":{"rendered":"\u015eam&#8217;daki Azerbaycan B\u00fcy\u00fckel\u00e7ili\u011fi: Suriye&#8217;ye Do\u011falgaz Boru Hatt\u0131n\u0131n A\u00e7\u0131l\u0131\u015f\u0131, Azerbaycan Liderli\u011finin B\u00f6lgedeki Ekonomik Kalk\u0131nmay\u0131 Destekleme Arzusunu Yans\u0131t\u0131yor"},"content":{"rendered":"<p style=\"text-align: justify;\"><span style=\"color: #ff0000;\"><strong>\u015eAM (SANA)<\/strong> <\/span>&#8211; \u015eam&#8217;daki Azerbaycan B\u00fcy\u00fckel\u00e7ili\u011fi, Azerbaycan do\u011falgaz boru hatt\u0131n\u0131n T\u00fcrkiye topraklar\u0131ndan Suriye&#8217;ye bug\u00fcn a\u00e7\u0131lmas\u0131n\u0131n, Azerbaycan liderli\u011finin dost Suriye&#8217;deki yeniden yap\u0131lanma ve ekonomik kalk\u0131nma s\u00fcrecini destekleme y\u00f6n\u00fcndeki siyasi arzusunu yans\u0131tt\u0131\u011f\u0131n\u0131 belirtti.<\/p>\n<p style=\"text-align: justify;\">B\u00fcy\u00fckel\u00e7ilik, &#8220;Azerbaycan&#8217;dan T\u00fcrkiye \u00fczerinden Suriye&#8217;ye do\u011falgaz ta\u015f\u0131nmas\u0131n\u0131 sa\u011flayan do\u011falgaz boru hatt\u0131n\u0131n a\u00e7\u0131l\u0131\u015f\u0131 vesilesiyle dost Suriye halk\u0131n\u0131 tebrik ediyorum&#8221; \u015feklinde tweet att\u0131.<\/p>\n","protected":false},"excerpt":{"rendered":"<p>\u015eAM (SANA) &#8211; \u015eam&#8217;daki Azerbaycan B\u00fcy\u00fckel\u00e7ili\u011fi, Azerbaycan do\u011falgaz boru hatt\u0131n\u0131n T\u00fcrkiye topraklar\u0131ndan Suriye&#8217;ye bug\u00fcn a\u00e7\u0131lmas\u0131n\u0131n, Azerbaycan liderli\u011finin dost Suriye&#8217;deki yeniden yap\u0131lanma ve ekonomik kalk\u0131nma s\u00fcrecini destekleme y\u00f6n\u00fcndeki siyasi arzusunu yans\u0131tt\u0131\u011f\u0131n\u0131 belirtti. B\u00fcy\u00fckel\u00e7ilik, &#8220;Azerbaycan&#8217;dan T\u00fcrkiye \u00fczerinden Suriye&#8217;ye do\u011falgaz ta\u015f\u0131nmas\u0131n\u0131 sa\u011flayan do\u011falgaz boru hatt\u0131n\u0131n a\u00e7\u0131l\u0131\u015f\u0131 vesilesiyle dost Suriye halk\u0131n\u0131 tebrik ediyorum&#8221; \u015feklinde tweet att\u0131.<\/p>\n","protected":false},"author":41,"featured_media":326971,"comment_status":"closed","ping_status":"closed","sticky":false,"template":"","format":"standard","meta":{"footnotes":""},"categories":[485,589,486,17988],"tags":[],"class_list":["post-326970","post","type-post","status-publish","format-standard","has-post-thumbnail","","category-is-ve-sermaye","category-haber-seridi","category-haberler-is-ve-sermaye","category-son-haberler"],"_links":{"self":[{"href":"https:\/\/archive.sana.sy\/tr\/index.php?rest_route=\/wp\/v2\/posts\/326970","targetHints":{"allow":["GET"]}}],"collection":[{"href":"https:\/\/archive.sana.sy\/tr\/index.php?rest_route=\/wp\/v2\/posts"}],"about":[{"href":"https:\/\/archive.sana.sy\/tr\/index.php?rest_route=\/wp\/v2\/types\/post"}],"author":[{"embeddable":true,"href":"https:\/\/archive.sana.sy\/tr\/index.php?rest_route=\/wp\/v2\/users\/41"}],"replies":[{"embeddable":true,"href":"https:\/\/archive.sana.sy\/tr\/index.php?rest_route=%2Fwp%2Fv2%2Fcomments&post=326970"}],"version-history":[{"count":1,"href":"https:\/\/archive.sana.sy\/tr\/index.php?rest_route=\/wp\/v2\/posts\/326970\/revisions"}],"predecessor-version":[{"id":326972,"href":"https:\/\/archive.sana.sy\/tr\/index.php?rest_route=\/wp\/v2\/posts\/326970\/revisions\/326972"}],"wp:featuredmedia":[{"embeddable":true,"href":"https:\/\/archive.sana.sy\/tr\/index.php?rest_route=\/wp\/v2\/media\/326971"}],"wp:attachment":[{"href":"https:\/\/archive.sana.sy\/tr\/index.php?rest_route=%2Fwp%2Fv2%2Fmedia&parent=326970"}],"wp:term":[{"taxonomy":"category","embeddable":true,"href":"https:\/\/archive.sana.sy\/tr\/index.php?rest_route=%2Fwp%2Fv2%2Fcategories&post=326970"},{"taxonomy":"post_tag","embeddable":true,"href":"https:\/\/archive.sana.sy\/tr\/index.php?rest_route=%2Fwp%2Fv2%2Ftags&post=326970"}],"curies":[{"name":"wp","href":"https:\/\/api.w.org\/{rel}","templated":true}]}}