{"id":326978,"date":"2025-08-02T20:24:19","date_gmt":"2025-08-02T17:24:19","guid":{"rendered":"https:\/\/sana.sy\/tr\/?p=326978"},"modified":"2025-08-02T20:24:19","modified_gmt":"2025-08-02T17:24:19","slug":"suveyda-olaylarini-sorusturma-komitesi-ilk-toplantisini-gerceklestirdi","status":"publish","type":"post","link":"https:\/\/archive.sana.sy\/tr\/?p=326978","title":{"rendered":"S\u00fcveyda Olaylar\u0131n\u0131 Soru\u015fturma Komitesi \u0130lk Toplant\u0131s\u0131n\u0131 Ger\u00e7ekle\u015ftirdi"},"content":{"rendered":"<p style=\"text-align: justify;\"><span style=\"color: #ff0000;\"><strong>\u015eAM (SANA) &#8211;<\/strong><\/span> \u015eam&#8217;daki Adalet Bakanl\u0131\u011f\u0131 binas\u0131nda bug\u00fcn, Adalet Bakan\u0131 Mazher El Veys ba\u015fkanl\u0131\u011f\u0131nda S\u00fcveyda olaylar\u0131n\u0131 soru\u015fturmak \u00fczere kurulan komitenin ilk toplant\u0131s\u0131 yap\u0131ld\u0131.<br \/>\nBakan El Veys, Komite \u00fcyelerine, t\u00fcm ma\u011fdurlar\u0131n hakk\u0131n\u0131 g\u00f6zeten temel adalet ilkeleri do\u011frultusunda \u00e7al\u0131\u015fmalar\u0131n\u0131 s\u00fcrd\u00fcrmeleri gerekti\u011fini vurgulad\u0131. Ayr\u0131ca, \u00e7al\u0131\u015fmalar\u0131n sonucunun toplumsal bar\u0131\u015f\u0131n, g\u00fcvenli\u011fin ve istikrar\u0131n yeniden sa\u011flanmas\u0131na hizmet etmesi gerekti\u011fini belirtti.<br \/>\n<img loading=\"lazy\" decoding=\"async\" class=\"size-medium wp-image-326980 alignright\" src=\"http:\/\/sana.sy\/tr\/wp-content\/uploads\/2025\/08\/WSS6142-768x456-1-300x178.jpg\" alt=\"\" width=\"300\" height=\"178\" srcset=\"https:\/\/archive.sana.sy\/tr\/wp-content\/uploads\/2025\/08\/WSS6142-768x456-1-300x178.jpg 300w, https:\/\/archive.sana.sy\/tr\/wp-content\/uploads\/2025\/08\/WSS6142-768x456-1.jpg 768w\" sizes=\"auto, (max-width: 300px) 100vw, 300px\" \/><br \/>\nToplant\u0131n\u0131n ard\u0131ndan komite \u00fcyeleri bir i\u00e7 \u00e7al\u0131\u015fma oturumu ger\u00e7ekle\u015ftirdi. Bu oturumda, Yarg\u0131\u00e7 Hatem El Naasan Komite ba\u015fkan\u0131 olarak se\u00e7ilirken, Avukat Ammar \u0130zzeddin resmi bas\u0131n s\u00f6zc\u00fcs\u00fc olarak belirlendi. Komite i\u00e7in Adalet Bakanl\u0131\u011f\u0131 b\u00fcnyesinde kal\u0131c\u0131 bir merkez tahsis edilirken, S\u00fcveyda halk\u0131yla ileti\u015fim kurmak ve \u015fikayetleri almak \u00fczere iki telefon hatt\u0131 a\u00e7\u0131lmas\u0131 kararla\u015ft\u0131r\u0131ld\u0131.<\/p>\n<p>Komite Ba\u015fkan\u0131 Yarg\u0131\u00e7 Hatem El Naasan, SANA muhabirine yapt\u0131\u011f\u0131 a\u00e7\u0131klamada, soru\u015fturmalar\u0131n derhal ba\u015flayaca\u011f\u0131n\u0131 ve bu kapsamda S\u00fcveyda ile Dera illerindeki yetkililer ve ma\u011fdurlarla g\u00f6r\u00fc\u015fmeler yap\u0131laca\u011f\u0131n\u0131 ifade etti.<\/p>\n<p>El Naasan ayr\u0131ca, komitenin \u00e7al\u0131\u015fmalar\u0131n\u0131n \u00fcyelerin uzmanl\u0131klar\u0131na g\u00f6re gruplara ayr\u0131larak y\u00fcr\u00fct\u00fclece\u011fini belirtirken, komite amac\u0131n\u0131n, toplum bar\u0131\u015f\u0131n\u0131 sa\u011flamak \u00fczere olaylar\u0131n arkas\u0131ndaki ger\u00e7eklerin tam olarak a\u00e7\u0131\u011fa \u00e7\u0131kar\u0131lmas\u0131 ve sorumlular\u0131n tespit edilmesi oldu\u011funu vurgulad\u0131 ve komitenin tam yetki ve \u015feffafl\u0131kla \u00e7al\u0131\u015faca\u011f\u0131n\u0131 s\u00f6yledi.<\/p>\n<div id='gallery-1' class='gallery galleryid-326978 gallery-columns-3 gallery-size-thumbnail'><figure class='gallery-item'>\n\t\t\t<div class='gallery-icon landscape'>\n\t\t\t\t<a href='https:\/\/archive.sana.sy\/tr\/?attachment_id=326981'><img loading=\"lazy\" decoding=\"async\" width=\"150\" height=\"150\" src=\"https:\/\/archive.sana.sy\/tr\/wp-content\/uploads\/2025\/08\/WSS6191-1536x1024-1-150x150.jpg\" class=\"attachment-thumbnail size-thumbnail\" alt=\"\" \/><\/a>\n\t\t\t<\/div><\/figure><figure class='gallery-item'>\n\t\t\t<div class='gallery-icon landscape'>\n\t\t\t\t<a href='https:\/\/archive.sana.sy\/tr\/?attachment_id=326982'><img loading=\"lazy\" decoding=\"async\" width=\"150\" height=\"150\" src=\"https:\/\/archive.sana.sy\/tr\/wp-content\/uploads\/2025\/08\/WSS6198-1536x1024-1-150x150.jpg\" class=\"attachment-thumbnail size-thumbnail\" alt=\"\" \/><\/a>\n\t\t\t<\/div><\/figure><figure class='gallery-item'>\n\t\t\t<div class='gallery-icon landscape'>\n\t\t\t\t<a href='https:\/\/archive.sana.sy\/tr\/?attachment_id=326983'><img loading=\"lazy\" decoding=\"async\" width=\"150\" height=\"150\" src=\"https:\/\/archive.sana.sy\/tr\/wp-content\/uploads\/2025\/08\/WSS6205-1536x940-1-150x150.jpg\" class=\"attachment-thumbnail size-thumbnail\" alt=\"\" \/><\/a>\n\t\t\t<\/div><\/figure>\n\t\t<\/div>\n\n","protected":false},"excerpt":{"rendered":"<p>\u015eAM (SANA) &#8211; \u015eam&#8217;daki Adalet Bakanl\u0131\u011f\u0131 binas\u0131nda bug\u00fcn, Adalet Bakan\u0131 Mazher El Veys ba\u015fkanl\u0131\u011f\u0131nda S\u00fcveyda olaylar\u0131n\u0131 soru\u015fturmak \u00fczere kurulan komitenin ilk toplant\u0131s\u0131 yap\u0131ld\u0131. Bakan El Veys, Komite \u00fcyelerine, t\u00fcm ma\u011fdurlar\u0131n hakk\u0131n\u0131 g\u00f6zeten temel adalet ilkeleri do\u011frultusunda \u00e7al\u0131\u015fmalar\u0131n\u0131 s\u00fcrd\u00fcrmeleri gerekti\u011fini vurgulad\u0131. Ayr\u0131ca, \u00e7al\u0131\u015fmalar\u0131n sonucunun toplumsal bar\u0131\u015f\u0131n, g\u00fcvenli\u011fin ve istikrar\u0131n yeniden sa\u011flanmas\u0131na hizmet etmesi gerekti\u011fini belirtti. Toplant\u0131n\u0131n &hellip;<\/p>\n","protected":false},"author":44,"featured_media":326979,"comment_status":"closed","ping_status":"closed","sticky":false,"template":"","format":"standard","meta":{"footnotes":""},"categories":[589,17988,478],"tags":[44153],"class_list":["post-326978","post","type-post","status-publish","format-standard","has-post-thumbnail","","category-haber-seridi","category-son-haberler","category-yerel","tag-suveyda-olaylarini-sorusturma-komitesi-ilk-toplantisini-gerceklestirdi"],"_links":{"self":[{"href":"https:\/\/archive.sana.sy\/tr\/index.php?rest_route=\/wp\/v2\/posts\/326978","targetHints":{"allow":["GET"]}}],"collection":[{"href":"https:\/\/archive.sana.sy\/tr\/index.php?rest_route=\/wp\/v2\/posts"}],"about":[{"href":"https:\/\/archive.sana.sy\/tr\/index.php?rest_route=\/wp\/v2\/types\/post"}],"author":[{"embeddable":true,"href":"https:\/\/archive.sana.sy\/tr\/index.php?rest_route=\/wp\/v2\/users\/44"}],"replies":[{"embeddable":true,"href":"https:\/\/archive.sana.sy\/tr\/index.php?rest_route=%2Fwp%2Fv2%2Fcomments&post=326978"}],"version-history":[{"count":1,"href":"https:\/\/archive.sana.sy\/tr\/index.php?rest_route=\/wp\/v2\/posts\/326978\/revisions"}],"predecessor-version":[{"id":326984,"href":"https:\/\/archive.sana.sy\/tr\/index.php?rest_route=\/wp\/v2\/posts\/326978\/revisions\/326984"}],"wp:featuredmedia":[{"embeddable":true,"href":"https:\/\/archive.sana.sy\/tr\/index.php?rest_route=\/wp\/v2\/media\/326979"}],"wp:attachment":[{"href":"https:\/\/archive.sana.sy\/tr\/index.php?rest_route=%2Fwp%2Fv2%2Fmedia&parent=326978"}],"wp:term":[{"taxonomy":"category","embeddable":true,"href":"https:\/\/archive.sana.sy\/tr\/index.php?rest_route=%2Fwp%2Fv2%2Fcategories&post=326978"},{"taxonomy":"post_tag","embeddable":true,"href":"https:\/\/archive.sana.sy\/tr\/index.php?rest_route=%2Fwp%2Fv2%2Ftags&post=326978"}],"curies":[{"name":"wp","href":"https:\/\/api.w.org\/{rel}","templated":true}]}}