{"id":326986,"date":"2025-08-03T10:12:26","date_gmt":"2025-08-03T07:12:26","guid":{"rendered":"https:\/\/sana.sy\/tr\/?p=326986"},"modified":"2025-08-03T15:46:45","modified_gmt":"2025-08-03T12:46:45","slug":"suriye-azerbaycan-turkiye-katar-ortak-aciklamasi","status":"publish","type":"post","link":"https:\/\/archive.sana.sy\/tr\/?p=326986","title":{"rendered":"Suriye-Azerbaycan-T\u00fcrkiye-Katar Ortak A\u00e7\u0131klamas\u0131"},"content":{"rendered":"<p style=\"text-align: justify;\"><span style=\"color: #ff0000;\"><strong>ANKARA (SANA) &#8211;<\/strong><\/span> Suriye, T\u00fcrkiye, Azerbaycan ve Katar, Katar Devleti&#8217;nin finansman\u0131yla T\u00fcrkiye \u00fczerinden Suriye&#8217;ye Azerbaycan do\u011falgaz\u0131 ula\u015ft\u0131r\u0131lmas\u0131 projesinin, bu \u00fclkeler aras\u0131ndaki b\u00f6lgesel dayan\u0131\u015fman\u0131n bir sembol\u00fc oldu\u011funu belirtti.<\/p>\n<p style=\"text-align: justify;\">Anadolu Ajans\u0131&#8217;n\u0131n haberine g\u00f6re, d\u00f6rt \u00fclke, T\u00fcrkiye Enerji Bakanl\u0131\u011f\u0131&#8217;n\u0131n d\u00fcn gece X platformunda yay\u0131nlad\u0131\u011f\u0131 ortak a\u00e7\u0131klamada, Proje, g\u00fc\u00e7l\u00fc insani \u00e7a\u011fr\u0131\u015f\u0131mlar ta\u015f\u0131yor ve Suriye ekonomisinin canlanmas\u0131na, halk\u0131n ya\u015fam ko\u015fullar\u0131n\u0131n iyile\u015ftirilmesine ve Suriye genelinde elektrik sa\u011flanmas\u0131na do\u011frudan katk\u0131da bulunaca\u011f\u0131n\u0131 belirtirken, &#8221;bu \u00fclkeler aras\u0131ndaki mevcut ba\u011flar\u0131n derinle\u015ftirilmesi y\u00f6n\u00fcnde \u00f6nemli bir ad\u0131m te\u015fkil ediyor&#8221; ifadelerine yer verdi.<\/p>\n<p style=\"text-align: justify;\">A\u00e7\u0131klamada ayr\u0131ca, projenin rekor s\u00fcrede tamamlanmas\u0131n\u0131n, 8 Aral\u0131k&#8217;ta eski rejimin devrilmesinin ard\u0131ndan ya\u015fanan tarihi geli\u015fmelerin ard\u0131ndan Suriye&#8217;nin yeniden in\u015fa s\u00fcrecine hayati bir destek anlam\u0131na geldi\u011fi kaydedildi.<\/p>\n<p style=\"text-align: justify;\">A\u00e7\u0131klamada, Katar Devleti&#8217;nin Suriye&#8217;deki toparlanma ve istikrar s\u00fcrecine elektrik \u00fcretimine katk\u0131 sa\u011flayarak destek verme taahh\u00fcd\u00fcn\u00fc yineledi\u011fi de belirtildi.<\/p>\n<p style=\"text-align: justify;\">A\u00e7\u0131klaman\u0131n sonunda d\u00f6rt \u00fclke, b\u00f6lgede bar\u0131\u015f, istikrar ve refah\u0131 te\u015fvik etme konusundaki kararl\u0131l\u0131klar\u0131n\u0131 yineleyerek, b\u00f6lge halklar\u0131n\u0131n g\u00fcvenlik, kalk\u0131nma ve kar\u015f\u0131l\u0131kl\u0131 g\u00fcvene sahip oldu\u011fu, b\u00f6l\u00fcnmeye de\u011fil i\u015fbirli\u011fine dayal\u0131 bir gelecek in\u015fa etme kararl\u0131l\u0131klar\u0131n\u0131 vurgulad\u0131.<\/p>\n","protected":false},"excerpt":{"rendered":"<p>ANKARA (SANA) &#8211; Suriye, T\u00fcrkiye, Azerbaycan ve Katar, Katar Devleti&#8217;nin finansman\u0131yla T\u00fcrkiye \u00fczerinden Suriye&#8217;ye Azerbaycan do\u011falgaz\u0131 ula\u015ft\u0131r\u0131lmas\u0131 projesinin, bu \u00fclkeler aras\u0131ndaki b\u00f6lgesel dayan\u0131\u015fman\u0131n bir sembol\u00fc oldu\u011funu belirtti. Anadolu Ajans\u0131&#8217;n\u0131n haberine g\u00f6re, d\u00f6rt \u00fclke, T\u00fcrkiye Enerji Bakanl\u0131\u011f\u0131&#8217;n\u0131n d\u00fcn gece X platformunda yay\u0131nlad\u0131\u011f\u0131 ortak a\u00e7\u0131klamada, Proje, g\u00fc\u00e7l\u00fc insani \u00e7a\u011fr\u0131\u015f\u0131mlar ta\u015f\u0131yor ve Suriye ekonomisinin canlanmas\u0131na, halk\u0131n ya\u015fam ko\u015fullar\u0131n\u0131n &hellip;<\/p>\n","protected":false},"author":36,"featured_media":326987,"comment_status":"closed","ping_status":"closed","sticky":false,"template":"","format":"standard","meta":{"footnotes":""},"categories":[458,589,459,17988],"tags":[],"class_list":["post-326986","post","type-post","status-publish","format-standard","has-post-thumbnail","","category-dunya1","category-haber-seridi","category-haberler-arap-uluslararasi-politika","category-son-haberler"],"_links":{"self":[{"href":"https:\/\/archive.sana.sy\/tr\/index.php?rest_route=\/wp\/v2\/posts\/326986","targetHints":{"allow":["GET"]}}],"collection":[{"href":"https:\/\/archive.sana.sy\/tr\/index.php?rest_route=\/wp\/v2\/posts"}],"about":[{"href":"https:\/\/archive.sana.sy\/tr\/index.php?rest_route=\/wp\/v2\/types\/post"}],"author":[{"embeddable":true,"href":"https:\/\/archive.sana.sy\/tr\/index.php?rest_route=\/wp\/v2\/users\/36"}],"replies":[{"embeddable":true,"href":"https:\/\/archive.sana.sy\/tr\/index.php?rest_route=%2Fwp%2Fv2%2Fcomments&post=326986"}],"version-history":[{"count":3,"href":"https:\/\/archive.sana.sy\/tr\/index.php?rest_route=\/wp\/v2\/posts\/326986\/revisions"}],"predecessor-version":[{"id":326998,"href":"https:\/\/archive.sana.sy\/tr\/index.php?rest_route=\/wp\/v2\/posts\/326986\/revisions\/326998"}],"wp:featuredmedia":[{"embeddable":true,"href":"https:\/\/archive.sana.sy\/tr\/index.php?rest_route=\/wp\/v2\/media\/326987"}],"wp:attachment":[{"href":"https:\/\/archive.sana.sy\/tr\/index.php?rest_route=%2Fwp%2Fv2%2Fmedia&parent=326986"}],"wp:term":[{"taxonomy":"category","embeddable":true,"href":"https:\/\/archive.sana.sy\/tr\/index.php?rest_route=%2Fwp%2Fv2%2Fcategories&post=326986"},{"taxonomy":"post_tag","embeddable":true,"href":"https:\/\/archive.sana.sy\/tr\/index.php?rest_route=%2Fwp%2Fv2%2Ftags&post=326986"}],"curies":[{"name":"wp","href":"https:\/\/api.w.org\/{rel}","templated":true}]}}