{"id":326989,"date":"2025-08-03T13:09:39","date_gmt":"2025-08-03T10:09:39","guid":{"rendered":"https:\/\/sana.sy\/tr\/?p=326989"},"modified":"2025-08-03T13:09:39","modified_gmt":"2025-08-03T10:09:39","slug":"ekonomi-ve-sanayi-bakanligi-kullanilmis-makine-ve-uretim-hatlarinin-ihracatina-izin-veriyor","status":"publish","type":"post","link":"https:\/\/archive.sana.sy\/tr\/?p=326989","title":{"rendered":"Ekonomi ve Sanayi Bakanl\u0131\u011f\u0131, Kullan\u0131lm\u0131\u015f Makine ve \u00dcretim Hatlar\u0131n\u0131n \u0130hracat\u0131na \u0130zin Veriyor"},"content":{"rendered":"<p style=\"text-align: justify;\"><span style=\"color: #ff0000;\"><strong>\u015eAM (SANA) &#8211;<\/strong><\/span> Suriye Ekonomi ve Sanayi Bakan\u0131 Dr. Muhammed Nidal El \u015eaar, bir dizi d\u00fczenleyici kontrol ve prosed\u00fcre tabi olmak \u00fczere, kullan\u0131lm\u0131\u015f makine ve \u00fcretim hatlar\u0131n\u0131n ihracat\u0131na izin veren bir karar yay\u0131nlad\u0131.<\/p>\n<p style=\"text-align: justify;\">SANA&#8217;n\u0131n bir \u00f6rne\u011fini teslim ald\u0131\u011f\u0131 karara g\u00f6re, ihracat yapmak isteyen sanayi tesislerinin, ihra\u00e7 edilecek makine veya \u00fcretim hatlar\u0131n\u0131n m\u00fclkiyetinin kan\u0131tland\u0131\u011f\u0131 ve daha \u00f6nce \u00fcretim s\u00fcrecinde kullan\u0131lm\u0131\u015f olsalar dahi m\u00fclkiyet belgelerine dayal\u0131 olarak sanayi tesisine ait oldu\u011funu g\u00f6steren ilgili sanayi m\u00fcd\u00fcrl\u00fc\u011f\u00fcnden resmi yaz\u0131 almas\u0131 gerekiyor.<\/p>\n<p style=\"text-align: justify;\">Kararda ayr\u0131ca iki \u00f6zel durumda ihracata izin veriliyor: Birincisi, t\u00fcccar\u0131n kullan\u0131lm\u0131\u015f makine veya \u00fcretim hatlar\u0131 ithal etti\u011fini kan\u0131tlayan bir g\u00fcmr\u00fck beyannamesi sunulmas\u0131, ikincisi ise makine ve \u00fcretim hatlar\u0131n\u0131n t\u00fcccara ait oldu\u011funu g\u00f6steren ve resmi olarak belgelendirilen bir sat\u0131\u015f s\u00f6zle\u015fmesinin sunulmas\u0131.<\/p>\n<p style=\"text-align: justify;\">Kararda, kullan\u0131lm\u0131\u015f makine ve \u00fcretim hatlar\u0131n\u0131n ithalat\u0131nda g\u00fcmr\u00fck muafiyetine tabi olmalar\u0131 halinde ihracat\u0131n herhangi bir \u00f6zel g\u00fcmr\u00fck i\u015flemi gerektirmedi\u011fi teyit edilmi\u015ftir. Bu durumda, g\u00fcmr\u00fck vergileri ve ihracat bedelleri, ihracat s\u00fcreci tamamlanmadan \u00f6nce, halihaz\u0131rda onaylanm\u0131\u015f g\u00fcmr\u00fck tarifesine uygun olarak Kara ve Deniz Limanlar\u0131 Genel M\u00fcd\u00fcrl\u00fc\u011f\u00fc taraf\u0131ndan tahsil edilmektedir.<\/p>\n","protected":false},"excerpt":{"rendered":"<p>\u015eAM (SANA) &#8211; Suriye Ekonomi ve Sanayi Bakan\u0131 Dr. Muhammed Nidal El \u015eaar, bir dizi d\u00fczenleyici kontrol ve prosed\u00fcre tabi olmak \u00fczere, kullan\u0131lm\u0131\u015f makine ve \u00fcretim hatlar\u0131n\u0131n ihracat\u0131na izin veren bir karar yay\u0131nlad\u0131. SANA&#8217;n\u0131n bir \u00f6rne\u011fini teslim ald\u0131\u011f\u0131 karara g\u00f6re, ihracat yapmak isteyen sanayi tesislerinin, ihra\u00e7 edilecek makine veya \u00fcretim hatlar\u0131n\u0131n m\u00fclkiyetinin kan\u0131tland\u0131\u011f\u0131 ve daha &hellip;<\/p>\n","protected":false},"author":36,"featured_media":326990,"comment_status":"closed","ping_status":"closed","sticky":false,"template":"","format":"standard","meta":{"footnotes":""},"categories":[485,589,486,479,17988,478],"tags":[],"class_list":["post-326989","post","type-post","status-publish","format-standard","has-post-thumbnail","","category-is-ve-sermaye","category-haber-seridi","category-haberler-is-ve-sermaye","category-haberler-yerel","category-son-haberler","category-yerel"],"_links":{"self":[{"href":"https:\/\/archive.sana.sy\/tr\/index.php?rest_route=\/wp\/v2\/posts\/326989","targetHints":{"allow":["GET"]}}],"collection":[{"href":"https:\/\/archive.sana.sy\/tr\/index.php?rest_route=\/wp\/v2\/posts"}],"about":[{"href":"https:\/\/archive.sana.sy\/tr\/index.php?rest_route=\/wp\/v2\/types\/post"}],"author":[{"embeddable":true,"href":"https:\/\/archive.sana.sy\/tr\/index.php?rest_route=\/wp\/v2\/users\/36"}],"replies":[{"embeddable":true,"href":"https:\/\/archive.sana.sy\/tr\/index.php?rest_route=%2Fwp%2Fv2%2Fcomments&post=326989"}],"version-history":[{"count":2,"href":"https:\/\/archive.sana.sy\/tr\/index.php?rest_route=\/wp\/v2\/posts\/326989\/revisions"}],"predecessor-version":[{"id":326994,"href":"https:\/\/archive.sana.sy\/tr\/index.php?rest_route=\/wp\/v2\/posts\/326989\/revisions\/326994"}],"wp:featuredmedia":[{"embeddable":true,"href":"https:\/\/archive.sana.sy\/tr\/index.php?rest_route=\/wp\/v2\/media\/326990"}],"wp:attachment":[{"href":"https:\/\/archive.sana.sy\/tr\/index.php?rest_route=%2Fwp%2Fv2%2Fmedia&parent=326989"}],"wp:term":[{"taxonomy":"category","embeddable":true,"href":"https:\/\/archive.sana.sy\/tr\/index.php?rest_route=%2Fwp%2Fv2%2Fcategories&post=326989"},{"taxonomy":"post_tag","embeddable":true,"href":"https:\/\/archive.sana.sy\/tr\/index.php?rest_route=%2Fwp%2Fv2%2Ftags&post=326989"}],"curies":[{"name":"wp","href":"https:\/\/api.w.org\/{rel}","templated":true}]}}